{"id":9798,"date":"2025-05-29T09:00:51","date_gmt":"2025-05-29T13:00:51","guid":{"rendered":"https:\/\/salonlfcrivenord.com\/?p=9798"},"modified":"2025-06-03T11:06:48","modified_gmt":"2025-06-03T15:06:48","slug":"diane-st-pierre","status":"publish","type":"post","link":"https:\/\/salonlfcrivenord.com\/en\/2025\/05\/29\/diane-st-pierre\/","title":{"rendered":"Diane St-Pierre"},"content":{"rendered":"\t\t<div data-elementor-type=\"wp-post\" data-elementor-id=\"9798\" class=\"elementor elementor-9798\" data-elementor-post-type=\"post\">\n\t\t\t\t\t\t<section class=\"elementor-section elementor-top-section elementor-element elementor-element-54bac81 elementor-section-boxed elementor-section-height-default elementor-section-height-default\" data-id=\"54bac81\" data-element_type=\"section\">\n\t\t\t\t\t\t<div class=\"elementor-container elementor-column-gap-default\">\n\t\t\t\t\t<div class=\"elementor-column elementor-col-50 elementor-top-column elementor-element elementor-element-a5c8c2a\" data-id=\"a5c8c2a\" data-element_type=\"column\">\n\t\t\t<div class=\"elementor-widget-wrap elementor-element-populated\">\n\t\t\t\t\t\t<div class=\"elementor-element elementor-element-8339479 elementor-widget elementor-widget-theme-post-featured-image elementor-widget-image\" data-id=\"8339479\" data-element_type=\"widget\" data-widget_type=\"theme-post-featured-image.default\">\n\t\t\t\t<div class=\"elementor-widget-container\">\n\t\t\t\t\t\t\t\t\t\t\t\t\t\t\t<img fetchpriority=\"high\" decoding=\"async\" width=\"281\" height=\"347\" src=\"https:\/\/salonlfcrivenord.com\/wp-content\/uploads\/2025\/05\/St-pierre.jpg\" class=\"attachment-large size-large wp-image-9799\" alt=\"\" srcset=\"https:\/\/salonlfcrivenord.com\/wp-content\/uploads\/2025\/05\/St-pierre.jpg 281w, https:\/\/salonlfcrivenord.com\/wp-content\/uploads\/2025\/05\/St-pierre-243x300.jpg 243w, https:\/\/salonlfcrivenord.com\/wp-content\/uploads\/2025\/05\/St-pierre-10x12.jpg 10w\" sizes=\"(max-width: 281px) 100vw, 281px\" \/>\t\t\t\t\t\t\t\t\t\t\t\t\t\t\t<\/div>\n\t\t\t\t<\/div>\n\t\t\t\t\t<\/div>\n\t\t<\/div>\n\t\t\t\t<div class=\"elementor-column elementor-col-50 elementor-top-column elementor-element elementor-element-587d4f4\" data-id=\"587d4f4\" data-element_type=\"column\">\n\t\t\t<div class=\"elementor-widget-wrap elementor-element-populated\">\n\t\t\t\t\t\t<div class=\"elementor-element elementor-element-25b8023 elementor-widget elementor-widget-theme-post-title elementor-page-title elementor-widget-heading\" data-id=\"25b8023\" data-element_type=\"widget\" data-widget_type=\"theme-post-title.default\">\n\t\t\t\t<div class=\"elementor-widget-container\">\n\t\t\t\t\t<h1 class=\"elementor-heading-title elementor-size-default\">Diane St-Pierre<\/h1>\t\t\t\t<\/div>\n\t\t\t\t<\/div>\n\t\t\t\t<div class=\"elementor-element elementor-element-94cf914 elementor-widget elementor-widget-heading\" data-id=\"94cf914\" data-element_type=\"widget\" data-widget_type=\"heading.default\">\n\t\t\t\t<div class=\"elementor-widget-container\">\n\t\t\t\t\t<h2 class=\"elementor-heading-title elementor-size-default\">Ann\u00e9e de naissance: 1950<\/h2>\t\t\t\t<\/div>\n\t\t\t\t<\/div>\n\t\t\t\t<div class=\"elementor-element elementor-element-46c8730 elementor-widget elementor-widget-heading\" data-id=\"46c8730\" data-element_type=\"widget\" data-widget_type=\"heading.default\">\n\t\t\t\t<div class=\"elementor-widget-container\">\n\t\t\t\t\t<h2 class=\"elementor-heading-title elementor-size-default\">Date de d\u00e9c\u00e8s: 26 mai 2025 <\/h2>\t\t\t\t<\/div>\n\t\t\t\t<\/div>\n\t\t\t\t<div class=\"elementor-element elementor-element-a70cdee elementor-widget elementor-widget-heading\" data-id=\"a70cdee\" data-element_type=\"widget\" data-widget_type=\"heading.default\">\n\t\t\t\t<div class=\"elementor-widget-container\">\n\t\t\t\t\t<h2 class=\"elementor-heading-title elementor-size-default\">Date des fun\u00e9railles: 7 juin 2025<\/h2>\t\t\t\t<\/div>\n\t\t\t\t<\/div>\n\t\t\t\t<div class=\"elementor-element elementor-element-840a7a4 elementor-widget elementor-widget-text-editor\" data-id=\"840a7a4\" data-element_type=\"widget\" data-widget_type=\"text-editor.default\">\n\t\t\t\t<div class=\"elementor-widget-container\">\n\t\t\t\t\t\t\t\t\t<p><em>C\u2019est avec une infinie tristesse que nous annon\u00e7ons le d\u00e9c\u00e8s de madame Diane St-Pierre survenu le 26\u00a0mai 2025 \u00e0 l\u2019\u00e2ge de 74\u00a0ans. Elle \u00e9tait la fille de feu monsieur Gaston St-Pierre et de feu madame Gertrude Archambault. <\/em><\/p><p><em>Diane a \u00e9t\u00e9 une personne aimante, g\u00e9n\u00e9reuse et inspirante pour tous ceux et celles qui l\u2019ont connue. Elle avait grand c\u0153ur et son d\u00e9part creuse un vide immense dans nos vies.<\/em><\/p><p><em>Elle laisse dans le deuil son compagnon, Yvon Cadieux, son fils Alexis (Anna\u00eblle Caron), ses petites-filles ador\u00e9es, B\u00e9atrice et \u00c9l\u00e9onore.<\/em><\/p><p><em>Elle laisse aussi dans le deuil ses s\u0153urs\u00a0: Lisette (Laurier Veilleux), Lucie (Daniel Pilon), H\u00e9l\u00e8ne (Sylvain Robillard), Martine (Claude Boivin) et ses fr\u00e8res\u00a0: Jocelyn (Louise Martel), R\u00e9mi (Doris Simard), Mario (Sylvie Munger), Robin (Annie Tremblay), Sylvain (Marie-Claude Cantin). De m\u00eame que ses nombreuses ni\u00e8ces et ses nombreux neveux.<\/em><\/p><p><em>Nos remerciements les plus sinc\u00e8res \u00e0 tout le personnel m\u00e9dical qui a pris soin de Diane pendant son hospitalisation \u00e0 l\u2019h\u00f4pital Pierre-Le Gardeur de<\/em> Terrebonne.<\/p><p><em>\u00c0 la place des fleurs, la famille demande que des dons soient faits \u00e0 la <a href=\"https:\/\/rubanrose.org\/?srsltid=AfmBOoot_6C3jPG50Bdmi7hyjG6_knK0Sc9Lv4gWBa4POBjeES1e9ZqO\" target=\"_blank\" rel=\"noopener\">Fondation Cancer du sein du Qu\u00e9bec.<\/a><\/em><\/p><p><strong><em>La famille recevra les condol\u00e9ances\u00a0 samedi le 7 juin 2025 de 14h30 \u00e0 18h30 au salon fun\u00e9raire LFC Rive-Nord (3535 boul. L\u00e9vesque Est Laval H7E 2P7).\u00a0 Une c\u00e9r\u00e9monie hommage\u00a0 aura lieu \u00e0 16h00 au m\u00eame salon.<\/em><\/strong><\/p><p><em>Salon LFC Rive-Nord Laval 450-665-9770 \/ 514-770-9770<\/em><\/p><p><em>Patrick Lajeunesse, propri\u00e9taire\u00a0<\/em><\/p><p><em>\u00a0<\/em><\/p>\t\t\t\t\t\t\t\t<\/div>\n\t\t\t\t<\/div>\n\t\t\t\t<div class=\"elementor-element elementor-element-58293a3 elementor-widget elementor-widget-text-editor\" data-id=\"58293a3\" data-element_type=\"widget\" data-widget_type=\"text-editor.default\">\n\t\t\t\t<div class=\"elementor-widget-container\">\n\t\t\t\t\t\t\t\t\t<p>Partager<\/p>\t\t\t\t\t\t\t\t<\/div>\n\t\t\t\t<\/div>\n\t\t\t\t<div class=\"elementor-element elementor-element-2a4cb02 elementor-share-buttons--view-icon-text elementor-share-buttons--skin-gradient elementor-share-buttons--shape-square elementor-grid-0 elementor-share-buttons--color-official elementor-widget elementor-widget-share-buttons\" data-id=\"2a4cb02\" data-element_type=\"widget\" data-widget_type=\"share-buttons.default\">\n\t\t\t\t<div class=\"elementor-widget-container\">\n\t\t\t\t\t\t\t<div class=\"elementor-grid\">\n\t\t\t\t\t\t\t\t<div class=\"elementor-grid-item\">\n\t\t\t\t\t\t<div\n\t\t\t\t\t\t\tclass=\"elementor-share-btn elementor-share-btn_facebook\"\n\t\t\t\t\t\t\trole=\"button\"\n\t\t\t\t\t\t\ttabindex=\"0\"\n\t\t\t\t\t\t\taria-label=\"Partager sur facebook\"\n\t\t\t\t\t\t>\n\t\t\t\t\t\t\t\t\t\t\t\t\t\t\t<span class=\"elementor-share-btn__icon\">\n\t\t\t\t\t\t\t\t<i class=\"fab fa-facebook\" aria-hidden=\"true\"><\/i>\t\t\t\t\t\t\t<\/span>\n\t\t\t\t\t\t\t\t\t\t\t\t\t\t\t\t\t\t\t\t\t\t<div class=\"elementor-share-btn__text\">\n\t\t\t\t\t\t\t\t\t\t\t\t\t\t\t\t\t\t\t<span class=\"elementor-share-btn__title\">\n\t\t\t\t\t\t\t\t\t\tFacebook\t\t\t\t\t\t\t\t\t<\/span>\n\t\t\t\t\t\t\t\t\t\t\t\t\t\t\t\t\t<\/div>\n\t\t\t\t\t\t\t\t\t\t\t\t\t<\/div>\n\t\t\t\t\t<\/div>\n\t\t\t\t\t\t<\/div>\n\t\t\t\t\t\t<\/div>\n\t\t\t\t<\/div>\n\t\t\t\t\t<\/div>\n\t\t<\/div>\n\t\t\t\t\t<\/div>\n\t\t<\/section>\n\t\t\t\t<section class=\"elementor-section elementor-top-section elementor-element elementor-element-55d93f8 elementor-section-boxed elementor-section-height-default elementor-section-height-default\" data-id=\"55d93f8\" data-element_type=\"section\" data-settings=\"{&quot;background_background&quot;:&quot;classic&quot;}\">\n\t\t\t\t\t\t<div class=\"elementor-container elementor-column-gap-default\">\n\t\t\t\t\t<div class=\"elementor-column elementor-col-100 elementor-top-column elementor-element elementor-element-fdd1c24\" data-id=\"fdd1c24\" data-element_type=\"column\">\n\t\t\t<div class=\"elementor-widget-wrap elementor-element-populated\">\n\t\t\t\t\t\t<div class=\"elementor-element elementor-element-a577f41 elementor-widget elementor-widget-heading\" data-id=\"a577f41\" data-element_type=\"widget\" data-widget_type=\"heading.default\">\n\t\t\t\t<div class=\"elementor-widget-container\">\n\t\t\t\t\t<h2 class=\"elementor-heading-title elementor-size-default\">Envoyez un message de condol\u00e9ances \u00e0 la famille<\/h2>\t\t\t\t<\/div>\n\t\t\t\t<\/div>\n\t\t\t\t<div class=\"elementor-element elementor-element-835695b elementor-button-align-end elementor-widget elementor-widget-form\" data-id=\"835695b\" data-element_type=\"widget\" data-settings=\"{&quot;step_next_label&quot;:&quot;Suivant&quot;,&quot;step_previous_label&quot;:&quot;Pr\\u00e9c\\u00e9dent&quot;,&quot;button_width&quot;:&quot;100&quot;,&quot;step_type&quot;:&quot;number_text&quot;,&quot;step_icon_shape&quot;:&quot;circle&quot;}\" data-widget_type=\"form.default\">\n\t\t\t\t<div class=\"elementor-widget-container\">\n\t\t\t\t\t\t\t<form class=\"elementor-form\" method=\"post\" name=\"Nouveau formulaire\">\n\t\t\t<input type=\"hidden\" name=\"post_id\" value=\"9798\"\/>\n\t\t\t<input type=\"hidden\" name=\"form_id\" value=\"835695b\"\/>\n\t\t\t<input type=\"hidden\" name=\"referer_title\" value=\"\" \/>\n\n\t\t\t\n\t\t\t<div class=\"elementor-form-fields-wrapper elementor-labels-above\">\n\t\t\t\t\t\t\t\t<div class=\"elementor-field-type-text elementor-field-group elementor-column elementor-field-group-name elementor-col-50\">\n\t\t\t\t\t\t\t\t\t\t\t\t<label for=\"form-field-name\" class=\"elementor-field-label\">\n\t\t\t\t\t\t\t\tNom\t\t\t\t\t\t\t<\/label>\n\t\t\t\t\t\t\t\t\t\t\t\t\t\t<input size=\"1\" type=\"text\" name=\"form_fields[name]\" id=\"form-field-name\" class=\"elementor-field elementor-size-sm  elementor-field-textual\" placeholder=\"inscrire votre nom complet\">\n\t\t\t\t\t\t\t\t\t\t\t<\/div>\n\t\t\t\t\t\t\t\t<div class=\"elementor-field-type-email elementor-field-group elementor-column elementor-field-group-email elementor-col-50 elementor-field-required\">\n\t\t\t\t\t\t\t\t\t\t\t\t<label for=\"form-field-email\" class=\"elementor-field-label\">\n\t\t\t\t\t\t\t\tCourriel\t\t\t\t\t\t\t<\/label>\n\t\t\t\t\t\t\t\t\t\t\t\t\t\t<input size=\"1\" type=\"email\" name=\"form_fields[email]\" id=\"form-field-email\" class=\"elementor-field elementor-size-sm  elementor-field-textual\" placeholder=\"inscrire votre courriel\" required=\"required\" aria-required=\"true\">\n\t\t\t\t\t\t\t\t\t\t\t<\/div>\n\t\t\t\t\t\t\t\t<div class=\"elementor-field-type-textarea elementor-field-group elementor-column elementor-field-group-message elementor-col-100\">\n\t\t\t\t\t\t\t\t\t\t\t\t<label for=\"form-field-message\" class=\"elementor-field-label\">\n\t\t\t\t\t\t\t\tMessage\t\t\t\t\t\t\t<\/label>\n\t\t\t\t\t\t<textarea class=\"elementor-field-textual elementor-field  elementor-size-sm\" name=\"form_fields[message]\" id=\"form-field-message\" rows=\"4\" placeholder=\"\u00e9crire votre message\"><\/textarea>\t\t\t\t<\/div>\n\t\t\t\t\t\t\t\t<div class=\"elementor-field-type-email elementor-field-group elementor-column elementor-field-group-courrieldelapersonne elementor-col-60 elementor-field-required\">\n\t\t\t\t\t\t\t\t\t\t\t\t<label for=\"form-field-courrieldelapersonne\" class=\"elementor-field-label\">\n\t\t\t\t\t\t\t\tVotre courriel sera envoy\u00e9 \u00e0 l'adresse suivante\t\t\t\t\t\t\t<\/label>\n\t\t\t\t\t\t\t\t\t\t\t\t\t\t<input size=\"1\" type=\"email\" name=\"form_fields[courrieldelapersonne]\" id=\"form-field-courrieldelapersonne\" class=\"elementor-field elementor-size-sm  elementor-field-textual\" value=\"saintpierre.lisette@gmail.com\" required=\"required\" aria-required=\"true\">\n\t\t\t\t\t\t\t\t\t\t\t<\/div>\n\t\t\t\t\t\t\t\t<div class=\"elementor-field-group elementor-column elementor-field-type-submit elementor-col-100 e-form__buttons\">\n\t\t\t\t\t<button class=\"elementor-button elementor-size-md elementor-animation-shrink\" type=\"submit\">\n\t\t\t\t\t\t<span class=\"elementor-button-content-wrapper\">\n\t\t\t\t\t\t\t\t\t\t\t\t\t\t\t\t\t\t\t\t\t\t<span class=\"elementor-button-text\">Envoyer<\/span>\n\t\t\t\t\t\t\t\t\t\t\t\t\t<\/span>\n\t\t\t\t\t<\/button>\n\t\t\t\t<\/div>\n\t\t\t<\/div>\n\t\t<\/form>\n\t\t\t\t\t\t<\/div>\n\t\t\t\t<\/div>\n\t\t\t\t\t<\/div>\n\t\t<\/div>\n\t\t\t\t\t<\/div>\n\t\t<\/section>\n\t\t\t\t<\/div>\n\t\t","protected":false},"excerpt":{"rendered":"<p>C\u2019est avec une infinie tristesse que nous annon\u00e7ons le d\u00e9c\u00e8s de madame Diane St-Pierre survenu le 26\u00a0mai 2025 \u00e0 l\u2019\u00e2ge de 74\u00a0ans. Elle \u00e9tait la fille de feu monsieur Gaston St-Pierre et de feu madame Gertrude Archambault. Diane a \u00e9t\u00e9 une personne aimante, g\u00e9n\u00e9reuse et inspirante pour tous ceux et celles qui l\u2019ont connue. Elle [&hellip;]<\/p>\n","protected":false},"author":3,"featured_media":9799,"comment_status":"open","ping_status":"open","sticky":false,"template":"elementor_header_footer","format":"standard","meta":{"_acf_changed":false,"footnotes":""},"categories":[1],"tags":[],"class_list":["post-9798","post","type-post","status-publish","format-standard","has-post-thumbnail","hentry","category-uncategorized"],"acf":[],"_links":{"self":[{"href":"https:\/\/salonlfcrivenord.com\/en\/wp-json\/wp\/v2\/posts\/9798","targetHints":{"allow":["GET"]}}],"collection":[{"href":"https:\/\/salonlfcrivenord.com\/en\/wp-json\/wp\/v2\/posts"}],"about":[{"href":"https:\/\/salonlfcrivenord.com\/en\/wp-json\/wp\/v2\/types\/post"}],"author":[{"embeddable":true,"href":"https:\/\/salonlfcrivenord.com\/en\/wp-json\/wp\/v2\/users\/3"}],"replies":[{"embeddable":true,"href":"https:\/\/salonlfcrivenord.com\/en\/wp-json\/wp\/v2\/comments?post=9798"}],"version-history":[{"count":10,"href":"https:\/\/salonlfcrivenord.com\/en\/wp-json\/wp\/v2\/posts\/9798\/revisions"}],"predecessor-version":[{"id":9816,"href":"https:\/\/salonlfcrivenord.com\/en\/wp-json\/wp\/v2\/posts\/9798\/revisions\/9816"}],"wp:featuredmedia":[{"embeddable":true,"href":"https:\/\/salonlfcrivenord.com\/en\/wp-json\/wp\/v2\/media\/9799"}],"wp:attachment":[{"href":"https:\/\/salonlfcrivenord.com\/en\/wp-json\/wp\/v2\/media?parent=9798"}],"wp:term":[{"taxonomy":"category","embeddable":true,"href":"https:\/\/salonlfcrivenord.com\/en\/wp-json\/wp\/v2\/categories?post=9798"},{"taxonomy":"post_tag","embeddable":true,"href":"https:\/\/salonlfcrivenord.com\/en\/wp-json\/wp\/v2\/tags?post=9798"}],"curies":[{"name":"wp","href":"https:\/\/api.w.org\/{rel}","templated":true}]}}