{"id":9521,"date":"2025-03-28T13:37:44","date_gmt":"2025-03-28T17:37:44","guid":{"rendered":"https:\/\/salonlfcrivenord.com\/?p=9521"},"modified":"2025-03-28T16:50:15","modified_gmt":"2025-03-28T20:50:15","slug":"monique-sauve","status":"publish","type":"post","link":"https:\/\/salonlfcrivenord.com\/en\/2025\/03\/28\/monique-sauve\/","title":{"rendered":"Monique Sauv\u00e9"},"content":{"rendered":"\t\t<div data-elementor-type=\"wp-post\" data-elementor-id=\"9521\" class=\"elementor elementor-9521\" data-elementor-post-type=\"post\">\n\t\t\t\t\t\t<section class=\"elementor-section elementor-top-section elementor-element elementor-element-54bac81 elementor-section-boxed elementor-section-height-default elementor-section-height-default\" data-id=\"54bac81\" data-element_type=\"section\">\n\t\t\t\t\t\t<div class=\"elementor-container elementor-column-gap-default\">\n\t\t\t\t\t<div class=\"elementor-column elementor-col-50 elementor-top-column elementor-element elementor-element-a5c8c2a\" data-id=\"a5c8c2a\" data-element_type=\"column\">\n\t\t\t<div class=\"elementor-widget-wrap elementor-element-populated\">\n\t\t\t\t\t\t<div class=\"elementor-element elementor-element-8339479 elementor-widget elementor-widget-theme-post-featured-image elementor-widget-image\" data-id=\"8339479\" data-element_type=\"widget\" data-widget_type=\"theme-post-featured-image.default\">\n\t\t\t\t<div class=\"elementor-widget-container\">\n\t\t\t\t\t\t\t\t\t\t\t\t\t\t\t<img fetchpriority=\"high\" decoding=\"async\" width=\"480\" height=\"480\" src=\"https:\/\/salonlfcrivenord.com\/wp-content\/uploads\/2025\/03\/Diane-sauve.jpg\" class=\"attachment-large size-large wp-image-9522\" alt=\"\" srcset=\"https:\/\/salonlfcrivenord.com\/wp-content\/uploads\/2025\/03\/Diane-sauve.jpg 480w, https:\/\/salonlfcrivenord.com\/wp-content\/uploads\/2025\/03\/Diane-sauve-300x300.jpg 300w, https:\/\/salonlfcrivenord.com\/wp-content\/uploads\/2025\/03\/Diane-sauve-150x150.jpg 150w, https:\/\/salonlfcrivenord.com\/wp-content\/uploads\/2025\/03\/Diane-sauve-12x12.jpg 12w, https:\/\/salonlfcrivenord.com\/wp-content\/uploads\/2025\/03\/Diane-sauve-100x100.jpg 100w\" sizes=\"(max-width: 480px) 100vw, 480px\" \/>\t\t\t\t\t\t\t\t\t\t\t\t\t\t\t<\/div>\n\t\t\t\t<\/div>\n\t\t\t\t\t<\/div>\n\t\t<\/div>\n\t\t\t\t<div class=\"elementor-column elementor-col-50 elementor-top-column elementor-element elementor-element-587d4f4\" data-id=\"587d4f4\" data-element_type=\"column\">\n\t\t\t<div class=\"elementor-widget-wrap elementor-element-populated\">\n\t\t\t\t\t\t<div class=\"elementor-element elementor-element-25b8023 elementor-widget elementor-widget-theme-post-title elementor-page-title elementor-widget-heading\" data-id=\"25b8023\" data-element_type=\"widget\" data-widget_type=\"theme-post-title.default\">\n\t\t\t\t<div class=\"elementor-widget-container\">\n\t\t\t\t\t<h1 class=\"elementor-heading-title elementor-size-default\">Monique Sauv\u00e9<\/h1>\t\t\t\t<\/div>\n\t\t\t\t<\/div>\n\t\t\t\t<div class=\"elementor-element elementor-element-94cf914 elementor-widget elementor-widget-heading\" data-id=\"94cf914\" data-element_type=\"widget\" data-widget_type=\"heading.default\">\n\t\t\t\t<div class=\"elementor-widget-container\">\n\t\t\t\t\t<h2 class=\"elementor-heading-title elementor-size-default\">Ann\u00e9e de naissance: 1969<\/h2>\t\t\t\t<\/div>\n\t\t\t\t<\/div>\n\t\t\t\t<div class=\"elementor-element elementor-element-46c8730 elementor-widget elementor-widget-heading\" data-id=\"46c8730\" data-element_type=\"widget\" data-widget_type=\"heading.default\">\n\t\t\t\t<div class=\"elementor-widget-container\">\n\t\t\t\t\t<h2 class=\"elementor-heading-title elementor-size-default\">Date de d\u00e9c\u00e8s: 24 mars 2025<\/h2>\t\t\t\t<\/div>\n\t\t\t\t<\/div>\n\t\t\t\t<div class=\"elementor-element elementor-element-a70cdee elementor-widget elementor-widget-heading\" data-id=\"a70cdee\" data-element_type=\"widget\" data-widget_type=\"heading.default\">\n\t\t\t\t<div class=\"elementor-widget-container\">\n\t\t\t\t\t<h2 class=\"elementor-heading-title elementor-size-default\">Date des fun\u00e9railles:  Dimanche 6 avril  2025<\/h2>\t\t\t\t<\/div>\n\t\t\t\t<\/div>\n\t\t\t\t<div class=\"elementor-element elementor-element-840a7a4 elementor-widget elementor-widget-text-editor\" data-id=\"840a7a4\" data-element_type=\"widget\" data-widget_type=\"text-editor.default\">\n\t\t\t\t<div class=\"elementor-widget-container\">\n\t\t\t\t\t\t\t\t\t<p><em>En soins palliatifs \u00e0 la Maison de la S\u00e9r\u00e9nit\u00e9 de Laval, le 24 mars 2025, est d\u00e9c\u00e9d\u00e9e Madame\u00a0 Monique Sauv\u00e9 \u00e0 l\u2019\u00e2ge de 55 ans. <\/em><\/p><p><em>Elle laisse dans le deuil son p\u00e8re Claude, ses filles Kym (Alexandre) et Pam\u00e9la (Antoine), son fr\u00e8re Claude (Sylvie), ses petits-enfants Hugo, Loik, Ma\u00e9ly et Juliette, ses neveux et ni\u00e8ces, ainsi que de nombreux parents et amis.<\/em><\/p><p><em>Plut\u00f4t que des fleurs, Monique aurait souhait\u00e9 que des dons soient fait \u00e0 La maison de soins palliatifs o\u00f9 elle a eu le privil\u00e8ge d\u2019avoir les meilleurs soins lors de ses derniers moments,\u00a0 La Maison de la S\u00e9r\u00e9nit\u00e9 de Laval. Une bo\u00eete de dons en son nom sera pr\u00e9sente sur place au salon ou vous pouvez faire votre don in memoriam directement en cliquant sur le lien ci-dessous:<\/em><\/p><p><a href=\"https:\/\/www.jedonneenligne.org\/mspl\/?fbclid=IwZXh0bgNhZW0CMTAAAR19TsFI4wRuzRlGCl2Z3_jGOt9brBl-8KaCCqci7RSxgUaLNqJuJkPOG5E_aem_tII89pOJjwNZ5BtDmtL_9Q\" target=\"_blank\" rel=\"noopener\">https:\/\/www.jedonneenligne.org\/mspl\/?fbclid=IwZXh0bgNhZW0CMTAAAR19TsFI4wRuzRlGCl2Z3_jGOt9brBl-8KaCCqci7RSxgUaLNqJuJkPOG5E_aem_tII89pOJjwNZ5BtDmtL_9Q<\/a><\/p><p><em><strong>La famille accueillera pour un dernier hommage,\u00a0 parents et amis le\u00a0 dimanche le 6 avril\u00a0 2025\u00a0 de 09h30 \u00e0 13h30 au Salon Fun\u00e9raire LFC Rive-Nord (3535, boul. L\u00e9vesque Est\u00a0 Laval).\u00a0 \u00a0<\/strong><\/em><\/p><p><em>Salon LFC Rive-Nord: 450-665-9770 \/ 514-770-9770<\/em><\/p><p><em>Patrick Lajeunesse, propri\u00e9taire\u00a0<\/em><\/p><p><em>\u00a0<\/em><\/p>\t\t\t\t\t\t\t\t<\/div>\n\t\t\t\t<\/div>\n\t\t\t\t<div class=\"elementor-element elementor-element-58293a3 elementor-widget elementor-widget-text-editor\" data-id=\"58293a3\" data-element_type=\"widget\" data-widget_type=\"text-editor.default\">\n\t\t\t\t<div class=\"elementor-widget-container\">\n\t\t\t\t\t\t\t\t\t<p>Partager<\/p>\t\t\t\t\t\t\t\t<\/div>\n\t\t\t\t<\/div>\n\t\t\t\t<div class=\"elementor-element elementor-element-2a4cb02 elementor-share-buttons--view-icon-text elementor-share-buttons--skin-gradient elementor-share-buttons--shape-square elementor-grid-0 elementor-share-buttons--color-official elementor-widget elementor-widget-share-buttons\" data-id=\"2a4cb02\" data-element_type=\"widget\" data-widget_type=\"share-buttons.default\">\n\t\t\t\t<div class=\"elementor-widget-container\">\n\t\t\t\t\t\t\t<div class=\"elementor-grid\">\n\t\t\t\t\t\t\t\t<div class=\"elementor-grid-item\">\n\t\t\t\t\t\t<div\n\t\t\t\t\t\t\tclass=\"elementor-share-btn elementor-share-btn_facebook\"\n\t\t\t\t\t\t\trole=\"button\"\n\t\t\t\t\t\t\ttabindex=\"0\"\n\t\t\t\t\t\t\taria-label=\"Share on facebook\"\n\t\t\t\t\t\t>\n\t\t\t\t\t\t\t\t\t\t\t\t\t\t\t<span class=\"elementor-share-btn__icon\">\n\t\t\t\t\t\t\t\t<i class=\"fab fa-facebook\" aria-hidden=\"true\"><\/i>\t\t\t\t\t\t\t<\/span>\n\t\t\t\t\t\t\t\t\t\t\t\t\t\t\t\t\t\t\t\t\t\t<div class=\"elementor-share-btn__text\">\n\t\t\t\t\t\t\t\t\t\t\t\t\t\t\t\t\t\t\t<span class=\"elementor-share-btn__title\">\n\t\t\t\t\t\t\t\t\t\tFacebook\t\t\t\t\t\t\t\t\t<\/span>\n\t\t\t\t\t\t\t\t\t\t\t\t\t\t\t\t\t<\/div>\n\t\t\t\t\t\t\t\t\t\t\t\t\t<\/div>\n\t\t\t\t\t<\/div>\n\t\t\t\t\t\t<\/div>\n\t\t\t\t\t\t<\/div>\n\t\t\t\t<\/div>\n\t\t\t\t\t<\/div>\n\t\t<\/div>\n\t\t\t\t\t<\/div>\n\t\t<\/section>\n\t\t\t\t<section class=\"elementor-section elementor-top-section elementor-element elementor-element-55d93f8 elementor-section-boxed elementor-section-height-default elementor-section-height-default\" data-id=\"55d93f8\" data-element_type=\"section\" data-settings=\"{&quot;background_background&quot;:&quot;classic&quot;}\">\n\t\t\t\t\t\t<div class=\"elementor-container elementor-column-gap-default\">\n\t\t\t\t\t<div class=\"elementor-column elementor-col-100 elementor-top-column elementor-element elementor-element-fdd1c24\" data-id=\"fdd1c24\" data-element_type=\"column\">\n\t\t\t<div class=\"elementor-widget-wrap elementor-element-populated\">\n\t\t\t\t\t\t<div class=\"elementor-element elementor-element-a577f41 elementor-widget elementor-widget-heading\" data-id=\"a577f41\" data-element_type=\"widget\" data-widget_type=\"heading.default\">\n\t\t\t\t<div class=\"elementor-widget-container\">\n\t\t\t\t\t<h2 class=\"elementor-heading-title elementor-size-default\">Envoyez un message de condol\u00e9ances \u00e0 la famille<\/h2>\t\t\t\t<\/div>\n\t\t\t\t<\/div>\n\t\t\t\t<div class=\"elementor-element elementor-element-835695b elementor-button-align-end elementor-widget elementor-widget-form\" data-id=\"835695b\" data-element_type=\"widget\" data-settings=\"{&quot;step_next_label&quot;:&quot;Suivant&quot;,&quot;step_previous_label&quot;:&quot;Pr\\u00e9c\\u00e9dent&quot;,&quot;button_width&quot;:&quot;100&quot;,&quot;step_type&quot;:&quot;number_text&quot;,&quot;step_icon_shape&quot;:&quot;circle&quot;}\" data-widget_type=\"form.default\">\n\t\t\t\t<div class=\"elementor-widget-container\">\n\t\t\t\t\t\t\t<form class=\"elementor-form\" method=\"post\" name=\"Nouveau formulaire\">\n\t\t\t<input type=\"hidden\" name=\"post_id\" value=\"9521\"\/>\n\t\t\t<input type=\"hidden\" name=\"form_id\" value=\"835695b\"\/>\n\t\t\t<input type=\"hidden\" name=\"referer_title\" value=\"\" \/>\n\n\t\t\t\n\t\t\t<div class=\"elementor-form-fields-wrapper elementor-labels-above\">\n\t\t\t\t\t\t\t\t<div class=\"elementor-field-type-text elementor-field-group elementor-column elementor-field-group-name elementor-col-50\">\n\t\t\t\t\t\t\t\t\t\t\t\t<label for=\"form-field-name\" class=\"elementor-field-label\">\n\t\t\t\t\t\t\t\tNom\t\t\t\t\t\t\t<\/label>\n\t\t\t\t\t\t\t\t\t\t\t\t\t\t<input size=\"1\" type=\"text\" name=\"form_fields[name]\" id=\"form-field-name\" class=\"elementor-field elementor-size-sm  elementor-field-textual\" placeholder=\"inscrire votre nom complet\">\n\t\t\t\t\t\t\t\t\t\t\t<\/div>\n\t\t\t\t\t\t\t\t<div class=\"elementor-field-type-email elementor-field-group elementor-column elementor-field-group-email elementor-col-50 elementor-field-required\">\n\t\t\t\t\t\t\t\t\t\t\t\t<label for=\"form-field-email\" class=\"elementor-field-label\">\n\t\t\t\t\t\t\t\tCourriel\t\t\t\t\t\t\t<\/label>\n\t\t\t\t\t\t\t\t\t\t\t\t\t\t<input size=\"1\" type=\"email\" name=\"form_fields[email]\" id=\"form-field-email\" class=\"elementor-field elementor-size-sm  elementor-field-textual\" placeholder=\"inscrire votre courriel\" required=\"required\" aria-required=\"true\">\n\t\t\t\t\t\t\t\t\t\t\t<\/div>\n\t\t\t\t\t\t\t\t<div class=\"elementor-field-type-textarea elementor-field-group elementor-column elementor-field-group-message elementor-col-100\">\n\t\t\t\t\t\t\t\t\t\t\t\t<label for=\"form-field-message\" class=\"elementor-field-label\">\n\t\t\t\t\t\t\t\tMessage\t\t\t\t\t\t\t<\/label>\n\t\t\t\t\t\t<textarea class=\"elementor-field-textual elementor-field  elementor-size-sm\" name=\"form_fields[message]\" id=\"form-field-message\" rows=\"4\" placeholder=\"\u00e9crire votre message\"><\/textarea>\t\t\t\t<\/div>\n\t\t\t\t\t\t\t\t<div class=\"elementor-field-type-email elementor-field-group elementor-column elementor-field-group-courrieldelapersonne elementor-col-60 elementor-field-required\">\n\t\t\t\t\t\t\t\t\t\t\t\t<label for=\"form-field-courrieldelapersonne\" class=\"elementor-field-label\">\n\t\t\t\t\t\t\t\tVotre courriel sera envoy\u00e9 \u00e0 l'adresse suivante\t\t\t\t\t\t\t<\/label>\n\t\t\t\t\t\t\t\t\t\t\t\t\t\t<input size=\"1\" type=\"email\" name=\"form_fields[courrieldelapersonne]\" id=\"form-field-courrieldelapersonne\" class=\"elementor-field elementor-size-sm  elementor-field-textual\" value=\"pamela_gosselin95@hotmail.com\" required=\"required\" aria-required=\"true\">\n\t\t\t\t\t\t\t\t\t\t\t<\/div>\n\t\t\t\t\t\t\t\t<div class=\"elementor-field-group elementor-column elementor-field-type-submit elementor-col-100 e-form__buttons\">\n\t\t\t\t\t<button class=\"elementor-button elementor-size-md elementor-animation-shrink\" type=\"submit\">\n\t\t\t\t\t\t<span class=\"elementor-button-content-wrapper\">\n\t\t\t\t\t\t\t\t\t\t\t\t\t\t\t\t\t\t\t\t\t\t<span class=\"elementor-button-text\">Envoyer<\/span>\n\t\t\t\t\t\t\t\t\t\t\t\t\t<\/span>\n\t\t\t\t\t<\/button>\n\t\t\t\t<\/div>\n\t\t\t<\/div>\n\t\t<\/form>\n\t\t\t\t\t\t<\/div>\n\t\t\t\t<\/div>\n\t\t\t\t\t<\/div>\n\t\t<\/div>\n\t\t\t\t\t<\/div>\n\t\t<\/section>\n\t\t\t\t<\/div>\n\t\t","protected":false},"excerpt":{"rendered":"<p>En soins palliatifs \u00e0 la Maison de la S\u00e9r\u00e9nit\u00e9 de Laval, le 24 mars 2025, est d\u00e9c\u00e9d\u00e9e Madame\u00a0 Monique Sauv\u00e9 \u00e0 l\u2019\u00e2ge de 55 ans. Elle laisse dans le deuil son p\u00e8re Claude, ses filles Kym (Alexandre) et Pam\u00e9la (Antoine), son fr\u00e8re Claude (Sylvie), ses petits-enfants Hugo, Loik, Ma\u00e9ly et Juliette, ses neveux et ni\u00e8ces, [&hellip;]<\/p>\n","protected":false},"author":3,"featured_media":9522,"comment_status":"open","ping_status":"open","sticky":false,"template":"elementor_header_footer","format":"standard","meta":{"_acf_changed":false,"footnotes":""},"categories":[1],"tags":[],"class_list":["post-9521","post","type-post","status-publish","format-standard","has-post-thumbnail","hentry","category-uncategorized"],"acf":[],"_links":{"self":[{"href":"https:\/\/salonlfcrivenord.com\/en\/wp-json\/wp\/v2\/posts\/9521","targetHints":{"allow":["GET"]}}],"collection":[{"href":"https:\/\/salonlfcrivenord.com\/en\/wp-json\/wp\/v2\/posts"}],"about":[{"href":"https:\/\/salonlfcrivenord.com\/en\/wp-json\/wp\/v2\/types\/post"}],"author":[{"embeddable":true,"href":"https:\/\/salonlfcrivenord.com\/en\/wp-json\/wp\/v2\/users\/3"}],"replies":[{"embeddable":true,"href":"https:\/\/salonlfcrivenord.com\/en\/wp-json\/wp\/v2\/comments?post=9521"}],"version-history":[{"count":7,"href":"https:\/\/salonlfcrivenord.com\/en\/wp-json\/wp\/v2\/posts\/9521\/revisions"}],"predecessor-version":[{"id":9530,"href":"https:\/\/salonlfcrivenord.com\/en\/wp-json\/wp\/v2\/posts\/9521\/revisions\/9530"}],"wp:featuredmedia":[{"embeddable":true,"href":"https:\/\/salonlfcrivenord.com\/en\/wp-json\/wp\/v2\/media\/9522"}],"wp:attachment":[{"href":"https:\/\/salonlfcrivenord.com\/en\/wp-json\/wp\/v2\/media?parent=9521"}],"wp:term":[{"taxonomy":"category","embeddable":true,"href":"https:\/\/salonlfcrivenord.com\/en\/wp-json\/wp\/v2\/categories?post=9521"},{"taxonomy":"post_tag","embeddable":true,"href":"https:\/\/salonlfcrivenord.com\/en\/wp-json\/wp\/v2\/tags?post=9521"}],"curies":[{"name":"wp","href":"https:\/\/api.w.org\/{rel}","templated":true}]}}