{"id":9109,"date":"2025-01-20T15:13:59","date_gmt":"2025-01-20T20:13:59","guid":{"rendered":"https:\/\/salonlfcrivenord.com\/?p=9109"},"modified":"2025-01-20T15:50:09","modified_gmt":"2025-01-20T20:50:09","slug":"zoila-mochado","status":"publish","type":"post","link":"https:\/\/salonlfcrivenord.com\/en\/2025\/01\/20\/zoila-mochado\/","title":{"rendered":"Zoila Machado"},"content":{"rendered":"\t\t<div data-elementor-type=\"wp-post\" data-elementor-id=\"9109\" class=\"elementor elementor-9109\" data-elementor-post-type=\"post\">\n\t\t\t\t\t\t<section class=\"elementor-section elementor-top-section elementor-element elementor-element-54bac81 elementor-section-boxed elementor-section-height-default elementor-section-height-default\" data-id=\"54bac81\" data-element_type=\"section\">\n\t\t\t\t\t\t<div class=\"elementor-container elementor-column-gap-default\">\n\t\t\t\t\t<div class=\"elementor-column elementor-col-50 elementor-top-column elementor-element elementor-element-a5c8c2a\" data-id=\"a5c8c2a\" data-element_type=\"column\">\n\t\t\t<div class=\"elementor-widget-wrap elementor-element-populated\">\n\t\t\t\t\t\t<div class=\"elementor-element elementor-element-8339479 elementor-widget elementor-widget-theme-post-featured-image elementor-widget-image\" data-id=\"8339479\" data-element_type=\"widget\" data-widget_type=\"theme-post-featured-image.default\">\n\t\t\t\t<div class=\"elementor-widget-container\">\n\t\t\t\t\t\t\t\t\t\t\t\t\t\t\t<img fetchpriority=\"high\" decoding=\"async\" width=\"347\" height=\"379\" src=\"https:\/\/salonlfcrivenord.com\/wp-content\/uploads\/2025\/01\/abuelita.jpg\" class=\"attachment-large size-large wp-image-9110\" alt=\"\" srcset=\"https:\/\/salonlfcrivenord.com\/wp-content\/uploads\/2025\/01\/abuelita.jpg 347w, https:\/\/salonlfcrivenord.com\/wp-content\/uploads\/2025\/01\/abuelita-275x300.jpg 275w, https:\/\/salonlfcrivenord.com\/wp-content\/uploads\/2025\/01\/abuelita-11x12.jpg 11w\" sizes=\"(max-width: 347px) 100vw, 347px\" \/>\t\t\t\t\t\t\t\t\t\t\t\t\t\t\t<\/div>\n\t\t\t\t<\/div>\n\t\t\t\t\t<\/div>\n\t\t<\/div>\n\t\t\t\t<div class=\"elementor-column elementor-col-50 elementor-top-column elementor-element elementor-element-587d4f4\" data-id=\"587d4f4\" data-element_type=\"column\">\n\t\t\t<div class=\"elementor-widget-wrap elementor-element-populated\">\n\t\t\t\t\t\t<div class=\"elementor-element elementor-element-25b8023 elementor-widget elementor-widget-theme-post-title elementor-page-title elementor-widget-heading\" data-id=\"25b8023\" data-element_type=\"widget\" data-widget_type=\"theme-post-title.default\">\n\t\t\t\t<div class=\"elementor-widget-container\">\n\t\t\t\t\t<h1 class=\"elementor-heading-title elementor-size-default\">Zoila Machado<\/h1>\t\t\t\t<\/div>\n\t\t\t\t<\/div>\n\t\t\t\t<div class=\"elementor-element elementor-element-245f089 elementor-widget elementor-widget-heading\" data-id=\"245f089\" data-element_type=\"widget\" data-widget_type=\"heading.default\">\n\t\t\t\t<div class=\"elementor-widget-container\">\n\t\t\t\t\t<h2 class=\"elementor-heading-title elementor-size-default\">Ann\u00e9e de naissance: 1923<\/h2>\t\t\t\t<\/div>\n\t\t\t\t<\/div>\n\t\t\t\t<div class=\"elementor-element elementor-element-88b06cd elementor-widget elementor-widget-heading\" data-id=\"88b06cd\" data-element_type=\"widget\" data-widget_type=\"heading.default\">\n\t\t\t\t<div class=\"elementor-widget-container\">\n\t\t\t\t\t<h2 class=\"elementor-heading-title elementor-size-default\">Date de d\u00e9c\u00e8s: 16 janvier 2025<\/h2>\t\t\t\t<\/div>\n\t\t\t\t<\/div>\n\t\t\t\t<div class=\"elementor-element elementor-element-e0162c0 elementor-widget elementor-widget-heading\" data-id=\"e0162c0\" data-element_type=\"widget\" data-widget_type=\"heading.default\">\n\t\t\t\t<div class=\"elementor-widget-container\">\n\t\t\t\t\t<h2 class=\"elementor-heading-title elementor-size-default\">Date des fun\u00e9railles:  Dimanche 26 janvier 2025<\/h2>\t\t\t\t<\/div>\n\t\t\t\t<\/div>\n\t\t\t\t<div class=\"elementor-element elementor-element-840a7a4 elementor-widget elementor-widget-text-editor\" data-id=\"840a7a4\" data-element_type=\"widget\" data-widget_type=\"text-editor.default\">\n\t\t\t\t<div class=\"elementor-widget-container\">\n\t\t\t\t\t\t\t\t\t<p class=\"normal\" style=\"margin: 1.0pt 0cm 1.0pt 0cm;\"><span class=\"tm8\"><span style=\"font-size: 13.0pt; font-family: 'AppleSystemUIFont',serif;\">\u00a0<\/span><\/span><span style=\"font-size: 11.0pt;\">C\u2019est avec une immense tristesse que nous annon\u00e7ons le d\u00e9c\u00e8s de notre bien-aim\u00e9e m\u00e8re, grand-m\u00e8re et arri\u00e8re-grand-m\u00e8re, Zoila\u00a0Machado, survenu le 16 janvier 2025, \u00e0 l\u2019\u00e2ge de 101 ans.<\/span><\/p><p class=\"normal\" style=\"margin: 1.0pt 0cm 1.0pt 0cm;\"><span style=\"font-size: 11.0pt;\">Zoilita \u00e9tait une femme exceptionnelle, dont le sourire chaleureux, la gentillesse, l\u2019amour inconditionnel et la joie de vivre ont marqu\u00e9 tous ceux qui ont eu la chance de la conna\u00eetre. <\/span><span style=\"font-size: 11.0pt;\">Elle \u00e9tait la grand-m\u00e8re et la tante de tous, une v\u00e9ritable source d\u2019inspiration et de bonheur, et sa sagesse ainsi que son d\u00e9vouement \u00e0 sa famille et ses amis resteront \u00e0 jamais grav\u00e9s dans nos c\u0153urs.<\/span><\/p><p><span style=\"font-size: 11.0pt;\">Elle laisse dans le deuil ses deux filles Mily Ruspil et Marina Mendez, ses gendres, ses six petits-fils, ses dix arri\u00e8re-petits-enfants, ainsi que ses nombreux neveux, ni\u00e8ces et ses innombrables amis.<\/span><\/p><p><span style=\"font-size: 11.0pt;\">Son d\u00e9part laisse un vide immense, mais son amour, sa g\u00e9n\u00e9rosit\u00e9 et sa lumi\u00e8re continueront de nous accompagner. <\/span><span style=\"font-size: 11.0pt;\">Zoilita\u00a0nous manquera profond\u00e9ment, mais son h\u00e9ritage d\u2019affection et de bienveillance vivra en chacun de nous.<\/span><\/p><p><strong>La famille vous accueillera dimanche le 26 janvier 2025 de 15h00 \u00e0 19h00 au\u00a0 Salon fun\u00e9raire LFC Rive-Nord (3535 boul. L\u00e9vesque est, Laval).\u00a0<\/strong><\/p><p><strong><span style=\"font-size: 11.0pt;\">Aviso de Fallecimiento<\/span><\/strong><\/p><p><span style=\"font-size: 11.0pt;\">Con inmensa tristeza, anunciamos el fallecimiento de nuestra querida madre, abuela y bisabuela,\u00a0Zoila Machado, ocurrido el\u00a016 de enero de 2025, a la edad de 101 a\u00f1os.<\/span><\/p><p><span style=\"font-size: 11.0pt;\">Zoilita fue una mujer excepcional, cuyo c\u00e1lido sonrisa, amabilidad, amor incondicional y alegr\u00eda de vivir marcaron a todos aquellos que tuvieron la dicha de conocerla.<\/span><\/p><p><span style=\"font-size: 11.0pt;\">Fue la abuela y t\u00eda de todos, una verdadera fuente de inspiraci\u00f3n y felicidad. Su sabidur\u00eda y su dedicaci\u00f3n hacia su familia y amigos permanecer\u00e1n grabadas para siempre en nuestros corazones.<\/span><\/p><p><span style=\"font-size: 11.0pt;\">Deja en el m\u00e1s profundo dolor a sus dos hijas, Mily Ruspil y Marina Mendez, sus yernos, sus seis nietos, sus diez bisnietos, adem\u00e1s de numerosos sobrinos, sobrinas y sus incontables amigos.<\/span><\/p><p><span style=\"font-size: 11.0pt;\">Su partida deja un vac\u00edo inmenso, pero su amor, generosidad y luz continuar\u00e1n acompa\u00f1\u00e1ndonos. Zoilita ser\u00e1 profundamente extra\u00f1ada, pero su legado de afecto y bondad vivir\u00e1 en cada uno de nosotros.<\/span><\/p><p><strong><span style=\"font-size: 11.0pt;\">La familia recibir\u00e1 a familiares y amigos para rendirle homenaje en el Salon Fun\u00e9raire\u00a0LFC Rive-Nord, ubicado en el\u00a03535 Boulevard L\u00e9vesque Est, Laval, el\u00a0domingo 26 de enero de 2025, de\u00a015:00 a 19:00 horas.<\/span><\/strong><\/p><p><span style=\"font-size: 11.0pt;\">Agradecemos de coraz\u00f3n sus muestras de cari\u00f1o, sus oraciones y su presencia para honrar la memoria de Zoilita.<\/span><\/p><p><em>Salon LFC Rive-Nord: 514-770-9770<\/em><\/p><p><em>Patrick Lajeunesse, propri\u00e9taire\u00a0<\/em><\/p><p>Pour livraison de fleurs contacter\u00a0<a href=\"https:\/\/www.fleuristelouvain.com\/\" target=\"_blank\" rel=\"noopener\">Fleuriste Louvain<\/a><\/p>\t\t\t\t\t\t\t\t<\/div>\n\t\t\t\t<\/div>\n\t\t\t\t<div class=\"elementor-element elementor-element-58293a3 elementor-widget elementor-widget-text-editor\" data-id=\"58293a3\" data-element_type=\"widget\" data-widget_type=\"text-editor.default\">\n\t\t\t\t<div class=\"elementor-widget-container\">\n\t\t\t\t\t\t\t\t\t<p>Partager<\/p>\t\t\t\t\t\t\t\t<\/div>\n\t\t\t\t<\/div>\n\t\t\t\t<div class=\"elementor-element elementor-element-2a4cb02 elementor-share-buttons--view-icon-text elementor-share-buttons--skin-gradient elementor-share-buttons--shape-square elementor-grid-0 elementor-share-buttons--color-official elementor-widget elementor-widget-share-buttons\" data-id=\"2a4cb02\" data-element_type=\"widget\" data-widget_type=\"share-buttons.default\">\n\t\t\t\t<div class=\"elementor-widget-container\">\n\t\t\t\t\t\t\t<div class=\"elementor-grid\">\n\t\t\t\t\t\t\t\t<div class=\"elementor-grid-item\">\n\t\t\t\t\t\t<div\n\t\t\t\t\t\t\tclass=\"elementor-share-btn elementor-share-btn_facebook\"\n\t\t\t\t\t\t\trole=\"button\"\n\t\t\t\t\t\t\ttabindex=\"0\"\n\t\t\t\t\t\t\taria-label=\"Share on facebook\"\n\t\t\t\t\t\t>\n\t\t\t\t\t\t\t\t\t\t\t\t\t\t\t<span class=\"elementor-share-btn__icon\">\n\t\t\t\t\t\t\t\t<i class=\"fab fa-facebook\" aria-hidden=\"true\"><\/i>\t\t\t\t\t\t\t<\/span>\n\t\t\t\t\t\t\t\t\t\t\t\t\t\t\t\t\t\t\t\t\t\t<div class=\"elementor-share-btn__text\">\n\t\t\t\t\t\t\t\t\t\t\t\t\t\t\t\t\t\t\t<span class=\"elementor-share-btn__title\">\n\t\t\t\t\t\t\t\t\t\tFacebook\t\t\t\t\t\t\t\t\t<\/span>\n\t\t\t\t\t\t\t\t\t\t\t\t\t\t\t\t\t<\/div>\n\t\t\t\t\t\t\t\t\t\t\t\t\t<\/div>\n\t\t\t\t\t<\/div>\n\t\t\t\t\t\t<\/div>\n\t\t\t\t\t\t<\/div>\n\t\t\t\t<\/div>\n\t\t\t\t\t<\/div>\n\t\t<\/div>\n\t\t\t\t\t<\/div>\n\t\t<\/section>\n\t\t\t\t<section class=\"elementor-section elementor-top-section elementor-element elementor-element-55d93f8 elementor-section-boxed elementor-section-height-default elementor-section-height-default\" data-id=\"55d93f8\" data-element_type=\"section\" data-settings=\"{&quot;background_background&quot;:&quot;classic&quot;}\">\n\t\t\t\t\t\t<div class=\"elementor-container elementor-column-gap-default\">\n\t\t\t\t\t<div class=\"elementor-column elementor-col-100 elementor-top-column elementor-element elementor-element-fdd1c24\" data-id=\"fdd1c24\" data-element_type=\"column\">\n\t\t\t<div class=\"elementor-widget-wrap elementor-element-populated\">\n\t\t\t\t\t\t<div class=\"elementor-element elementor-element-a577f41 elementor-widget elementor-widget-heading\" data-id=\"a577f41\" data-element_type=\"widget\" data-widget_type=\"heading.default\">\n\t\t\t\t<div class=\"elementor-widget-container\">\n\t\t\t\t\t<h2 class=\"elementor-heading-title elementor-size-default\">Envoyez un message de condol\u00e9ances \u00e0 la famille<\/h2>\t\t\t\t<\/div>\n\t\t\t\t<\/div>\n\t\t\t\t<div class=\"elementor-element elementor-element-835695b elementor-button-align-end elementor-widget elementor-widget-form\" data-id=\"835695b\" data-element_type=\"widget\" data-settings=\"{&quot;step_next_label&quot;:&quot;Suivant&quot;,&quot;step_previous_label&quot;:&quot;Pr\\u00e9c\\u00e9dent&quot;,&quot;button_width&quot;:&quot;100&quot;,&quot;step_type&quot;:&quot;number_text&quot;,&quot;step_icon_shape&quot;:&quot;circle&quot;}\" data-widget_type=\"form.default\">\n\t\t\t\t<div class=\"elementor-widget-container\">\n\t\t\t\t\t\t\t<form class=\"elementor-form\" method=\"post\" name=\"Nouveau formulaire\">\n\t\t\t<input type=\"hidden\" name=\"post_id\" value=\"9109\"\/>\n\t\t\t<input type=\"hidden\" name=\"form_id\" value=\"835695b\"\/>\n\t\t\t<input type=\"hidden\" name=\"referer_title\" value=\"\" \/>\n\n\t\t\t\n\t\t\t<div class=\"elementor-form-fields-wrapper elementor-labels-above\">\n\t\t\t\t\t\t\t\t<div class=\"elementor-field-type-text elementor-field-group elementor-column elementor-field-group-name elementor-col-50\">\n\t\t\t\t\t\t\t\t\t\t\t\t<label for=\"form-field-name\" class=\"elementor-field-label\">\n\t\t\t\t\t\t\t\tNom\t\t\t\t\t\t\t<\/label>\n\t\t\t\t\t\t\t\t\t\t\t\t\t\t<input size=\"1\" type=\"text\" name=\"form_fields[name]\" id=\"form-field-name\" class=\"elementor-field elementor-size-sm  elementor-field-textual\" placeholder=\"inscrire votre nom complet\">\n\t\t\t\t\t\t\t\t\t\t\t<\/div>\n\t\t\t\t\t\t\t\t<div class=\"elementor-field-type-email elementor-field-group elementor-column elementor-field-group-email elementor-col-50 elementor-field-required\">\n\t\t\t\t\t\t\t\t\t\t\t\t<label for=\"form-field-email\" class=\"elementor-field-label\">\n\t\t\t\t\t\t\t\tCourriel\t\t\t\t\t\t\t<\/label>\n\t\t\t\t\t\t\t\t\t\t\t\t\t\t<input size=\"1\" type=\"email\" name=\"form_fields[email]\" id=\"form-field-email\" class=\"elementor-field elementor-size-sm  elementor-field-textual\" placeholder=\"inscrire votre courriel\" required=\"required\" aria-required=\"true\">\n\t\t\t\t\t\t\t\t\t\t\t<\/div>\n\t\t\t\t\t\t\t\t<div class=\"elementor-field-type-textarea elementor-field-group elementor-column elementor-field-group-message elementor-col-100\">\n\t\t\t\t\t\t\t\t\t\t\t\t<label for=\"form-field-message\" class=\"elementor-field-label\">\n\t\t\t\t\t\t\t\tMessage\t\t\t\t\t\t\t<\/label>\n\t\t\t\t\t\t<textarea class=\"elementor-field-textual elementor-field  elementor-size-sm\" name=\"form_fields[message]\" id=\"form-field-message\" rows=\"4\" placeholder=\"\u00e9crire votre message\"><\/textarea>\t\t\t\t<\/div>\n\t\t\t\t\t\t\t\t<div class=\"elementor-field-type-email elementor-field-group elementor-column elementor-field-group-courrieldelapersonne elementor-col-60 elementor-field-required\">\n\t\t\t\t\t\t\t\t\t\t\t\t<label for=\"form-field-courrieldelapersonne\" class=\"elementor-field-label\">\n\t\t\t\t\t\t\t\tVotre courriel sera envoy\u00e9 \u00e0 l'adresse suivante\t\t\t\t\t\t\t<\/label>\n\t\t\t\t\t\t\t\t\t\t\t\t\t\t<input size=\"1\" type=\"email\" name=\"form_fields[courrieldelapersonne]\" id=\"form-field-courrieldelapersonne\" class=\"elementor-field elementor-size-sm  elementor-field-textual\" value=\"rmjanet@hotmail.com\" required=\"required\" aria-required=\"true\">\n\t\t\t\t\t\t\t\t\t\t\t<\/div>\n\t\t\t\t\t\t\t\t<div class=\"elementor-field-group elementor-column elementor-field-type-submit elementor-col-100 e-form__buttons\">\n\t\t\t\t\t<button class=\"elementor-button elementor-size-md elementor-animation-shrink\" type=\"submit\">\n\t\t\t\t\t\t<span class=\"elementor-button-content-wrapper\">\n\t\t\t\t\t\t\t\t\t\t\t\t\t\t\t\t\t\t\t\t\t\t<span class=\"elementor-button-text\">Envoyer<\/span>\n\t\t\t\t\t\t\t\t\t\t\t\t\t<\/span>\n\t\t\t\t\t<\/button>\n\t\t\t\t<\/div>\n\t\t\t<\/div>\n\t\t<\/form>\n\t\t\t\t\t\t<\/div>\n\t\t\t\t<\/div>\n\t\t\t\t\t<\/div>\n\t\t<\/div>\n\t\t\t\t\t<\/div>\n\t\t<\/section>\n\t\t\t\t<\/div>\n\t\t","protected":false},"excerpt":{"rendered":"<p>\u00a0C\u2019est avec une immense tristesse que nous annon\u00e7ons le d\u00e9c\u00e8s de notre bien-aim\u00e9e m\u00e8re, grand-m\u00e8re et arri\u00e8re-grand-m\u00e8re, Zoila\u00a0Machado, survenu le 16 janvier 2025, \u00e0 l\u2019\u00e2ge de 101 ans. Zoilita \u00e9tait une femme exceptionnelle, dont le sourire chaleureux, la gentillesse, l\u2019amour inconditionnel et la joie de vivre ont marqu\u00e9 tous ceux qui ont eu la chance [&hellip;]<\/p>\n","protected":false},"author":3,"featured_media":9110,"comment_status":"open","ping_status":"open","sticky":false,"template":"elementor_header_footer","format":"standard","meta":{"_acf_changed":false,"footnotes":""},"categories":[1],"tags":[],"class_list":["post-9109","post","type-post","status-publish","format-standard","has-post-thumbnail","hentry","category-uncategorized"],"acf":[],"_links":{"self":[{"href":"https:\/\/salonlfcrivenord.com\/en\/wp-json\/wp\/v2\/posts\/9109","targetHints":{"allow":["GET"]}}],"collection":[{"href":"https:\/\/salonlfcrivenord.com\/en\/wp-json\/wp\/v2\/posts"}],"about":[{"href":"https:\/\/salonlfcrivenord.com\/en\/wp-json\/wp\/v2\/types\/post"}],"author":[{"embeddable":true,"href":"https:\/\/salonlfcrivenord.com\/en\/wp-json\/wp\/v2\/users\/3"}],"replies":[{"embeddable":true,"href":"https:\/\/salonlfcrivenord.com\/en\/wp-json\/wp\/v2\/comments?post=9109"}],"version-history":[{"count":5,"href":"https:\/\/salonlfcrivenord.com\/en\/wp-json\/wp\/v2\/posts\/9109\/revisions"}],"predecessor-version":[{"id":9115,"href":"https:\/\/salonlfcrivenord.com\/en\/wp-json\/wp\/v2\/posts\/9109\/revisions\/9115"}],"wp:featuredmedia":[{"embeddable":true,"href":"https:\/\/salonlfcrivenord.com\/en\/wp-json\/wp\/v2\/media\/9110"}],"wp:attachment":[{"href":"https:\/\/salonlfcrivenord.com\/en\/wp-json\/wp\/v2\/media?parent=9109"}],"wp:term":[{"taxonomy":"category","embeddable":true,"href":"https:\/\/salonlfcrivenord.com\/en\/wp-json\/wp\/v2\/categories?post=9109"},{"taxonomy":"post_tag","embeddable":true,"href":"https:\/\/salonlfcrivenord.com\/en\/wp-json\/wp\/v2\/tags?post=9109"}],"curies":[{"name":"wp","href":"https:\/\/api.w.org\/{rel}","templated":true}]}}