{"id":7495,"date":"2024-02-12T17:33:13","date_gmt":"2024-02-12T17:33:13","guid":{"rendered":"https:\/\/salonlfcrivenord.com\/?p=7495"},"modified":"2024-02-12T17:39:13","modified_gmt":"2024-02-12T17:39:13","slug":"maurice-boyer","status":"publish","type":"post","link":"https:\/\/salonlfcrivenord.com\/en\/2024\/02\/12\/maurice-boyer\/","title":{"rendered":"Maurice Boyer"},"content":{"rendered":"\t\t<div data-elementor-type=\"wp-post\" data-elementor-id=\"7495\" class=\"elementor elementor-7495\" data-elementor-post-type=\"post\">\n\t\t\t\t\t\t<section class=\"elementor-section elementor-top-section elementor-element elementor-element-85610e2 elementor-section-height-min-height elementor-section-boxed elementor-section-height-default elementor-section-items-middle\" data-id=\"85610e2\" data-element_type=\"section\" data-settings=\"{&quot;background_background&quot;:&quot;classic&quot;}\">\n\t\t\t\t\t\t<div class=\"elementor-container elementor-column-gap-default\">\n\t\t\t\t\t<div class=\"elementor-column elementor-col-100 elementor-top-column elementor-element elementor-element-9c7592b\" data-id=\"9c7592b\" data-element_type=\"column\">\n\t\t\t<div class=\"elementor-widget-wrap elementor-element-populated\">\n\t\t\t\t\t\t\t<\/div>\n\t\t<\/div>\n\t\t\t\t\t<\/div>\n\t\t<\/section>\n\t\t\t\t<section class=\"elementor-section elementor-top-section elementor-element elementor-element-54bac81 elementor-section-boxed elementor-section-height-default elementor-section-height-default\" data-id=\"54bac81\" data-element_type=\"section\">\n\t\t\t\t\t\t<div class=\"elementor-container elementor-column-gap-default\">\n\t\t\t\t\t<div class=\"elementor-column elementor-col-50 elementor-top-column elementor-element elementor-element-a5c8c2a\" data-id=\"a5c8c2a\" data-element_type=\"column\">\n\t\t\t<div class=\"elementor-widget-wrap elementor-element-populated\">\n\t\t\t\t\t\t<div class=\"elementor-element elementor-element-8339479 elementor-widget elementor-widget-theme-post-featured-image elementor-widget-image\" data-id=\"8339479\" data-element_type=\"widget\" data-widget_type=\"theme-post-featured-image.default\">\n\t\t\t\t<div class=\"elementor-widget-container\">\n\t\t\t\t\t\t\t\t\t\t\t\t\t\t\t<img fetchpriority=\"high\" decoding=\"async\" width=\"702\" height=\"803\" src=\"https:\/\/salonlfcrivenord.com\/wp-content\/uploads\/2024\/02\/PHOTO-MAURICE-BOYER.jpg\" class=\"attachment-large size-large wp-image-7496\" alt=\"\" srcset=\"https:\/\/salonlfcrivenord.com\/wp-content\/uploads\/2024\/02\/PHOTO-MAURICE-BOYER.jpg 702w, https:\/\/salonlfcrivenord.com\/wp-content\/uploads\/2024\/02\/PHOTO-MAURICE-BOYER-262x300.jpg 262w, https:\/\/salonlfcrivenord.com\/wp-content\/uploads\/2024\/02\/PHOTO-MAURICE-BOYER-10x12.jpg 10w, https:\/\/salonlfcrivenord.com\/wp-content\/uploads\/2024\/02\/PHOTO-MAURICE-BOYER-600x686.jpg 600w\" sizes=\"(max-width: 702px) 100vw, 702px\" \/>\t\t\t\t\t\t\t\t\t\t\t\t\t\t\t<\/div>\n\t\t\t\t<\/div>\n\t\t\t\t\t<\/div>\n\t\t<\/div>\n\t\t\t\t<div class=\"elementor-column elementor-col-50 elementor-top-column elementor-element elementor-element-587d4f4\" data-id=\"587d4f4\" data-element_type=\"column\">\n\t\t\t<div class=\"elementor-widget-wrap elementor-element-populated\">\n\t\t\t\t\t\t<div class=\"elementor-element elementor-element-25b8023 elementor-widget elementor-widget-theme-post-title elementor-page-title elementor-widget-heading\" data-id=\"25b8023\" data-element_type=\"widget\" data-widget_type=\"theme-post-title.default\">\n\t\t\t\t<div class=\"elementor-widget-container\">\n\t\t\t\t\t<h1 class=\"elementor-heading-title elementor-size-default\">Maurice Boyer<\/h1>\t\t\t\t<\/div>\n\t\t\t\t<\/div>\n\t\t\t\t<div class=\"elementor-element elementor-element-245f089 elementor-widget elementor-widget-heading\" data-id=\"245f089\" data-element_type=\"widget\" data-widget_type=\"heading.default\">\n\t\t\t\t<div class=\"elementor-widget-container\">\n\t\t\t\t\t<h2 class=\"elementor-heading-title elementor-size-default\">Ann\u00e9e de naissance: 1938<\/h2>\t\t\t\t<\/div>\n\t\t\t\t<\/div>\n\t\t\t\t<div class=\"elementor-element elementor-element-88b06cd elementor-widget elementor-widget-heading\" data-id=\"88b06cd\" data-element_type=\"widget\" data-widget_type=\"heading.default\">\n\t\t\t\t<div class=\"elementor-widget-container\">\n\t\t\t\t\t<h2 class=\"elementor-heading-title elementor-size-default\">Date de d\u00e9c\u00e8s: 7 f\u00e9vrier 2024<\/h2>\t\t\t\t<\/div>\n\t\t\t\t<\/div>\n\t\t\t\t<div class=\"elementor-element elementor-element-e0162c0 elementor-widget elementor-widget-heading\" data-id=\"e0162c0\" data-element_type=\"widget\" data-widget_type=\"heading.default\">\n\t\t\t\t<div class=\"elementor-widget-container\">\n\t\t\t\t\t<h2 class=\"elementor-heading-title elementor-size-default\">Date des fun\u00e9railles: 25 f\u00e9vrier 2024<\/h2>\t\t\t\t<\/div>\n\t\t\t\t<\/div>\n\t\t\t\t<div class=\"elementor-element elementor-element-840a7a4 elementor-widget elementor-widget-text-editor\" data-id=\"840a7a4\" data-element_type=\"widget\" data-widget_type=\"text-editor.default\">\n\t\t\t\t<div class=\"elementor-widget-container\">\n\t\t\t\t\t\t\t\t\t<p>C\u2019est avec une profonde tristesse que nous annon\u00e7ons le d\u00e9c\u00e8s de Maurice Boyer, \u00e0 l\u2019\u00e2ge de 85 ans, n\u00e9 \u00e0 Montr\u00e9al, il \u00e9tait le fils de feu Auguste Boyer et Gertrude Doyon.<\/p><p>Il laisse dans le deuil son \u00e9pouse depuis plus de 61 ans, Jocelyne Leclair, ses deux filles, Nathalie (Jean-Louis Bourcier) et Sophie (Fran\u00e7ois D\u2019Aoust), ses petits-enfants Ian, Luca (H\u00e9l\u00e8ne Lamblin), H\u00e9lo\u00efse, Jeanne et Henri, ses arri\u00e8re-petits-enfants Paul et Charlotte, sa s\u0153ur Monique, ses beaux-fr\u00e8res et belles-s\u0153urs, neveux et ni\u00e8ces, ainsi que de nombreux amis.<\/p><p>Dipl\u00f4m\u00e9 de l\u2019Universit\u00e9 McGill en g\u00e9nie civil, Maurice Boyer a exerc\u00e9 son m\u00e9tier avec passion au sein d\u2019Hydro-Qu\u00e9bec et aura ainsi contribu\u00e9 \u00e0 b\u00e2tir un Qu\u00e9bec moderne qu\u2019il r\u00eavait ind\u00e9pendant. Il laissera le souvenir ind\u00e9l\u00e9bile d\u2019un homme r\u00e9serv\u00e9, g\u00e9n\u00e9reux, pince-sans-rire, int\u00e8gre et loyal; un homme enti\u00e8rement d\u00e9vou\u00e9 \u00e0 sa famille qui faisait sa joie et sa fiert\u00e9.<\/p><p>Nous tenons \u00e0 remercier le personnel soignant du 5e \u00e9tage du CHSLD R\u00e9sidence Riviera de Laval pour les excellents soins prodigu\u00e9s.<\/p><p><strong>Nous accueillerons famille et amis le 25 f\u00e9vrier 2024, de 14h \u00e0 17h au Salon Fun\u00e9raire LFC Rive-Nord (3535 Boul. L\u00e9vesque Est, Laval). Une liturgie de la parole aura lieu \u00e0 16h, ce m\u00eame jour, au salon.<\/strong><\/p><p><strong>L\u2019inhumation aura lieu au Cimeti\u00e8re Notre-Dame-des-Neiges \u00e0 Montr\u00e9al \u00e0 une date ult\u00e9rieure.<\/strong><\/p><p><strong>Au lieu de fleurs, nous vous invitons \u00e0 faire un don au CHSLD R\u00e9sidence Riviera de Laval ou \u00e0 la Soci\u00e9t\u00e9 canadienne de la scl\u00e9rose en plaques.<\/strong><\/p><p>Propri\u00e9taire Laval: Patrick Lajeunesse 450-665-9770 \/ 514-770-9770<\/p>\t\t\t\t\t\t\t\t<\/div>\n\t\t\t\t<\/div>\n\t\t\t\t<div class=\"elementor-element elementor-element-58293a3 elementor-widget elementor-widget-text-editor\" data-id=\"58293a3\" data-element_type=\"widget\" data-widget_type=\"text-editor.default\">\n\t\t\t\t<div class=\"elementor-widget-container\">\n\t\t\t\t\t\t\t\t\t<p>Partager<\/p>\t\t\t\t\t\t\t\t<\/div>\n\t\t\t\t<\/div>\n\t\t\t\t<div class=\"elementor-element elementor-element-2a4cb02 elementor-share-buttons--view-icon-text elementor-share-buttons--skin-gradient elementor-share-buttons--shape-square elementor-grid-0 elementor-share-buttons--color-official elementor-widget elementor-widget-share-buttons\" data-id=\"2a4cb02\" data-element_type=\"widget\" data-widget_type=\"share-buttons.default\">\n\t\t\t\t<div class=\"elementor-widget-container\">\n\t\t\t\t\t\t\t<div class=\"elementor-grid\">\n\t\t\t\t\t\t\t\t<div class=\"elementor-grid-item\">\n\t\t\t\t\t\t<div\n\t\t\t\t\t\t\tclass=\"elementor-share-btn elementor-share-btn_facebook\"\n\t\t\t\t\t\t\trole=\"button\"\n\t\t\t\t\t\t\ttabindex=\"0\"\n\t\t\t\t\t\t\taria-label=\"Share on facebook\"\n\t\t\t\t\t\t>\n\t\t\t\t\t\t\t\t\t\t\t\t\t\t\t<span class=\"elementor-share-btn__icon\">\n\t\t\t\t\t\t\t\t<i class=\"fab fa-facebook\" aria-hidden=\"true\"><\/i>\t\t\t\t\t\t\t<\/span>\n\t\t\t\t\t\t\t\t\t\t\t\t\t\t\t\t\t\t\t\t\t\t<div class=\"elementor-share-btn__text\">\n\t\t\t\t\t\t\t\t\t\t\t\t\t\t\t\t\t\t\t<span class=\"elementor-share-btn__title\">\n\t\t\t\t\t\t\t\t\t\tFacebook\t\t\t\t\t\t\t\t\t<\/span>\n\t\t\t\t\t\t\t\t\t\t\t\t\t\t\t\t\t<\/div>\n\t\t\t\t\t\t\t\t\t\t\t\t\t<\/div>\n\t\t\t\t\t<\/div>\n\t\t\t\t\t\t<\/div>\n\t\t\t\t\t\t<\/div>\n\t\t\t\t<\/div>\n\t\t\t\t\t<\/div>\n\t\t<\/div>\n\t\t\t\t\t<\/div>\n\t\t<\/section>\n\t\t\t\t<section class=\"elementor-section elementor-top-section elementor-element elementor-element-55d93f8 elementor-section-boxed elementor-section-height-default elementor-section-height-default\" data-id=\"55d93f8\" data-element_type=\"section\" data-settings=\"{&quot;background_background&quot;:&quot;classic&quot;}\">\n\t\t\t\t\t\t<div class=\"elementor-container elementor-column-gap-default\">\n\t\t\t\t\t<div class=\"elementor-column elementor-col-100 elementor-top-column elementor-element elementor-element-fdd1c24\" data-id=\"fdd1c24\" data-element_type=\"column\">\n\t\t\t<div class=\"elementor-widget-wrap elementor-element-populated\">\n\t\t\t\t\t\t<div class=\"elementor-element elementor-element-a577f41 elementor-widget elementor-widget-heading\" data-id=\"a577f41\" data-element_type=\"widget\" data-widget_type=\"heading.default\">\n\t\t\t\t<div class=\"elementor-widget-container\">\n\t\t\t\t\t<h2 class=\"elementor-heading-title elementor-size-default\">Envoyez un message de condol\u00e9ances \u00e0 la famille<\/h2>\t\t\t\t<\/div>\n\t\t\t\t<\/div>\n\t\t\t\t<div class=\"elementor-element elementor-element-835695b elementor-button-align-end elementor-widget elementor-widget-form\" data-id=\"835695b\" data-element_type=\"widget\" data-settings=\"{&quot;step_next_label&quot;:&quot;Suivant&quot;,&quot;step_previous_label&quot;:&quot;Pr\\u00e9c\\u00e9dent&quot;,&quot;button_width&quot;:&quot;100&quot;,&quot;step_type&quot;:&quot;number_text&quot;,&quot;step_icon_shape&quot;:&quot;circle&quot;}\" data-widget_type=\"form.default\">\n\t\t\t\t<div class=\"elementor-widget-container\">\n\t\t\t\t\t\t\t<form class=\"elementor-form\" method=\"post\" name=\"Nouveau formulaire\">\n\t\t\t<input type=\"hidden\" name=\"post_id\" value=\"7495\"\/>\n\t\t\t<input type=\"hidden\" name=\"form_id\" value=\"835695b\"\/>\n\t\t\t<input type=\"hidden\" name=\"referer_title\" value=\"\" \/>\n\n\t\t\t\n\t\t\t<div class=\"elementor-form-fields-wrapper elementor-labels-above\">\n\t\t\t\t\t\t\t\t<div class=\"elementor-field-type-text elementor-field-group elementor-column elementor-field-group-name elementor-col-50\">\n\t\t\t\t\t\t\t\t\t\t\t\t<label for=\"form-field-name\" class=\"elementor-field-label\">\n\t\t\t\t\t\t\t\tNom\t\t\t\t\t\t\t<\/label>\n\t\t\t\t\t\t\t\t\t\t\t\t\t\t<input size=\"1\" type=\"text\" name=\"form_fields[name]\" id=\"form-field-name\" class=\"elementor-field elementor-size-sm  elementor-field-textual\" placeholder=\"inscrire votre nom complet\">\n\t\t\t\t\t\t\t\t\t\t\t<\/div>\n\t\t\t\t\t\t\t\t<div class=\"elementor-field-type-email elementor-field-group elementor-column elementor-field-group-email elementor-col-50 elementor-field-required\">\n\t\t\t\t\t\t\t\t\t\t\t\t<label for=\"form-field-email\" class=\"elementor-field-label\">\n\t\t\t\t\t\t\t\tCourriel\t\t\t\t\t\t\t<\/label>\n\t\t\t\t\t\t\t\t\t\t\t\t\t\t<input size=\"1\" type=\"email\" name=\"form_fields[email]\" id=\"form-field-email\" class=\"elementor-field elementor-size-sm  elementor-field-textual\" placeholder=\"inscrire votre courriel\" required=\"required\" aria-required=\"true\">\n\t\t\t\t\t\t\t\t\t\t\t<\/div>\n\t\t\t\t\t\t\t\t<div class=\"elementor-field-type-textarea elementor-field-group elementor-column elementor-field-group-message elementor-col-100\">\n\t\t\t\t\t\t\t\t\t\t\t\t<label for=\"form-field-message\" class=\"elementor-field-label\">\n\t\t\t\t\t\t\t\tMessage\t\t\t\t\t\t\t<\/label>\n\t\t\t\t\t\t<textarea class=\"elementor-field-textual elementor-field  elementor-size-sm\" name=\"form_fields[message]\" id=\"form-field-message\" rows=\"4\" placeholder=\"\u00e9crire votre message\"><\/textarea>\t\t\t\t<\/div>\n\t\t\t\t\t\t\t\t<div class=\"elementor-field-type-email elementor-field-group elementor-column elementor-field-group-courrieldelapersonne elementor-col-60 elementor-field-required\">\n\t\t\t\t\t\t\t\t\t\t\t\t<label for=\"form-field-courrieldelapersonne\" class=\"elementor-field-label\">\n\t\t\t\t\t\t\t\tVotre courriel sera envoy\u00e9 \u00e0 l'adresse suivante\t\t\t\t\t\t\t<\/label>\n\t\t\t\t\t\t\t\t\t\t\t\t\t\t<input size=\"1\" type=\"email\" name=\"form_fields[courrieldelapersonne]\" id=\"form-field-courrieldelapersonne\" class=\"elementor-field elementor-size-sm  elementor-field-textual\" value=\"sboyer@ubishops.ca\" required=\"required\" aria-required=\"true\">\n\t\t\t\t\t\t\t\t\t\t\t<\/div>\n\t\t\t\t\t\t\t\t<div class=\"elementor-field-group elementor-column elementor-field-type-submit elementor-col-100 e-form__buttons\">\n\t\t\t\t\t<button class=\"elementor-button elementor-size-md elementor-animation-shrink\" type=\"submit\">\n\t\t\t\t\t\t<span class=\"elementor-button-content-wrapper\">\n\t\t\t\t\t\t\t\t\t\t\t\t\t\t\t\t\t\t\t\t\t\t<span class=\"elementor-button-text\">Envoyer<\/span>\n\t\t\t\t\t\t\t\t\t\t\t\t\t<\/span>\n\t\t\t\t\t<\/button>\n\t\t\t\t<\/div>\n\t\t\t<\/div>\n\t\t<\/form>\n\t\t\t\t\t\t<\/div>\n\t\t\t\t<\/div>\n\t\t\t\t\t<\/div>\n\t\t<\/div>\n\t\t\t\t\t<\/div>\n\t\t<\/section>\n\t\t\t\t<\/div>\n\t\t","protected":false},"excerpt":{"rendered":"<p>C\u2019est avec une profonde tristesse que nous annon\u00e7ons le d\u00e9c\u00e8s de Maurice Boyer, \u00e0 l\u2019\u00e2ge de 85 ans, n\u00e9 \u00e0 Montr\u00e9al, il \u00e9tait le fils de feu Auguste Boyer et Gertrude Doyon. Il laisse dans le deuil son \u00e9pouse depuis plus de 61 ans, Jocelyne Leclair, ses deux filles, Nathalie (Jean-Louis Bourcier) et Sophie (Fran\u00e7ois [&hellip;]<\/p>\n","protected":false},"author":3,"featured_media":7496,"comment_status":"open","ping_status":"open","sticky":false,"template":"elementor_header_footer","format":"standard","meta":{"_acf_changed":false,"footnotes":""},"categories":[1],"tags":[],"class_list":["post-7495","post","type-post","status-publish","format-standard","has-post-thumbnail","hentry","category-uncategorized"],"acf":[],"_links":{"self":[{"href":"https:\/\/salonlfcrivenord.com\/en\/wp-json\/wp\/v2\/posts\/7495","targetHints":{"allow":["GET"]}}],"collection":[{"href":"https:\/\/salonlfcrivenord.com\/en\/wp-json\/wp\/v2\/posts"}],"about":[{"href":"https:\/\/salonlfcrivenord.com\/en\/wp-json\/wp\/v2\/types\/post"}],"author":[{"embeddable":true,"href":"https:\/\/salonlfcrivenord.com\/en\/wp-json\/wp\/v2\/users\/3"}],"replies":[{"embeddable":true,"href":"https:\/\/salonlfcrivenord.com\/en\/wp-json\/wp\/v2\/comments?post=7495"}],"version-history":[{"count":5,"href":"https:\/\/salonlfcrivenord.com\/en\/wp-json\/wp\/v2\/posts\/7495\/revisions"}],"predecessor-version":[{"id":7501,"href":"https:\/\/salonlfcrivenord.com\/en\/wp-json\/wp\/v2\/posts\/7495\/revisions\/7501"}],"wp:featuredmedia":[{"embeddable":true,"href":"https:\/\/salonlfcrivenord.com\/en\/wp-json\/wp\/v2\/media\/7496"}],"wp:attachment":[{"href":"https:\/\/salonlfcrivenord.com\/en\/wp-json\/wp\/v2\/media?parent=7495"}],"wp:term":[{"taxonomy":"category","embeddable":true,"href":"https:\/\/salonlfcrivenord.com\/en\/wp-json\/wp\/v2\/categories?post=7495"},{"taxonomy":"post_tag","embeddable":true,"href":"https:\/\/salonlfcrivenord.com\/en\/wp-json\/wp\/v2\/tags?post=7495"}],"curies":[{"name":"wp","href":"https:\/\/api.w.org\/{rel}","templated":true}]}}