{"id":6439,"date":"2023-07-12T16:33:28","date_gmt":"2023-07-12T16:33:28","guid":{"rendered":"https:\/\/salonlfcrivenord.com\/?p=6439"},"modified":"2023-07-12T16:48:05","modified_gmt":"2023-07-12T16:48:05","slug":"suzanne-david","status":"publish","type":"post","link":"https:\/\/salonlfcrivenord.com\/en\/2023\/07\/12\/suzanne-david\/","title":{"rendered":"Suzanne David"},"content":{"rendered":"\t\t<div data-elementor-type=\"wp-post\" data-elementor-id=\"6439\" class=\"elementor elementor-6439\" data-elementor-post-type=\"post\">\n\t\t\t\t\t\t<section class=\"elementor-section elementor-top-section elementor-element elementor-element-85610e2 elementor-section-height-min-height elementor-section-boxed elementor-section-height-default elementor-section-items-middle\" data-id=\"85610e2\" data-element_type=\"section\" data-settings=\"{&quot;background_background&quot;:&quot;classic&quot;}\">\n\t\t\t\t\t\t<div class=\"elementor-container elementor-column-gap-default\">\n\t\t\t\t\t<div class=\"elementor-column elementor-col-100 elementor-top-column elementor-element elementor-element-9c7592b\" data-id=\"9c7592b\" data-element_type=\"column\">\n\t\t\t<div class=\"elementor-widget-wrap elementor-element-populated\">\n\t\t\t\t\t\t\t<\/div>\n\t\t<\/div>\n\t\t\t\t\t<\/div>\n\t\t<\/section>\n\t\t\t\t<section class=\"elementor-section elementor-top-section elementor-element elementor-element-54bac81 elementor-section-boxed elementor-section-height-default elementor-section-height-default\" data-id=\"54bac81\" data-element_type=\"section\">\n\t\t\t\t\t\t<div class=\"elementor-container elementor-column-gap-default\">\n\t\t\t\t\t<div class=\"elementor-column elementor-col-50 elementor-top-column elementor-element elementor-element-a5c8c2a\" data-id=\"a5c8c2a\" data-element_type=\"column\">\n\t\t\t<div class=\"elementor-widget-wrap elementor-element-populated\">\n\t\t\t\t\t\t<div class=\"elementor-element elementor-element-8339479 elementor-widget elementor-widget-theme-post-featured-image elementor-widget-image\" data-id=\"8339479\" data-element_type=\"widget\" data-widget_type=\"theme-post-featured-image.default\">\n\t\t\t\t<div class=\"elementor-widget-container\">\n\t\t\t\t\t\t\t\t\t\t\t\t\t\t\t<img fetchpriority=\"high\" decoding=\"async\" width=\"800\" height=\"1001\" src=\"https:\/\/salonlfcrivenord.com\/wp-content\/uploads\/2023\/07\/Photo-Suzanne-David-scaled-e1689179420265-818x1024.jpg\" class=\"attachment-large size-large wp-image-6440\" alt=\"\" srcset=\"https:\/\/salonlfcrivenord.com\/wp-content\/uploads\/2023\/07\/Photo-Suzanne-David-scaled-e1689179420265-818x1024.jpg 818w, https:\/\/salonlfcrivenord.com\/wp-content\/uploads\/2023\/07\/Photo-Suzanne-David-scaled-e1689179420265-240x300.jpg 240w, https:\/\/salonlfcrivenord.com\/wp-content\/uploads\/2023\/07\/Photo-Suzanne-David-scaled-e1689179420265-768x961.jpg 768w, https:\/\/salonlfcrivenord.com\/wp-content\/uploads\/2023\/07\/Photo-Suzanne-David-scaled-e1689179420265-1227x1536.jpg 1227w, https:\/\/salonlfcrivenord.com\/wp-content\/uploads\/2023\/07\/Photo-Suzanne-David-scaled-e1689179420265-1636x2048.jpg 1636w, https:\/\/salonlfcrivenord.com\/wp-content\/uploads\/2023\/07\/Photo-Suzanne-David-scaled-e1689179420265-10x12.jpg 10w, https:\/\/salonlfcrivenord.com\/wp-content\/uploads\/2023\/07\/Photo-Suzanne-David-scaled-e1689179420265-600x751.jpg 600w, https:\/\/salonlfcrivenord.com\/wp-content\/uploads\/2023\/07\/Photo-Suzanne-David-scaled-e1689179420265.jpg 2045w\" sizes=\"(max-width: 800px) 100vw, 800px\" \/>\t\t\t\t\t\t\t\t\t\t\t\t\t\t\t<\/div>\n\t\t\t\t<\/div>\n\t\t\t\t\t<\/div>\n\t\t<\/div>\n\t\t\t\t<div class=\"elementor-column elementor-col-50 elementor-top-column elementor-element elementor-element-587d4f4\" data-id=\"587d4f4\" data-element_type=\"column\">\n\t\t\t<div class=\"elementor-widget-wrap elementor-element-populated\">\n\t\t\t\t\t\t<div class=\"elementor-element elementor-element-25b8023 elementor-widget elementor-widget-theme-post-title elementor-page-title elementor-widget-heading\" data-id=\"25b8023\" data-element_type=\"widget\" data-widget_type=\"theme-post-title.default\">\n\t\t\t\t<div class=\"elementor-widget-container\">\n\t\t\t\t\t<h1 class=\"elementor-heading-title elementor-size-default\">Suzanne David<\/h1>\t\t\t\t<\/div>\n\t\t\t\t<\/div>\n\t\t\t\t<div class=\"elementor-element elementor-element-245f089 elementor-widget elementor-widget-heading\" data-id=\"245f089\" data-element_type=\"widget\" data-widget_type=\"heading.default\">\n\t\t\t\t<div class=\"elementor-widget-container\">\n\t\t\t\t\t<h2 class=\"elementor-heading-title elementor-size-default\">Ann\u00e9e de naissance: 1941<\/h2>\t\t\t\t<\/div>\n\t\t\t\t<\/div>\n\t\t\t\t<div class=\"elementor-element elementor-element-88b06cd elementor-widget elementor-widget-heading\" data-id=\"88b06cd\" data-element_type=\"widget\" data-widget_type=\"heading.default\">\n\t\t\t\t<div class=\"elementor-widget-container\">\n\t\t\t\t\t<h2 class=\"elementor-heading-title elementor-size-default\">Date de d\u00e9c\u00e8s: 8 juillet 2023<\/h2>\t\t\t\t<\/div>\n\t\t\t\t<\/div>\n\t\t\t\t<div class=\"elementor-element elementor-element-e0162c0 elementor-widget elementor-widget-heading\" data-id=\"e0162c0\" data-element_type=\"widget\" data-widget_type=\"heading.default\">\n\t\t\t\t<div class=\"elementor-widget-container\">\n\t\t\t\t\t<h2 class=\"elementor-heading-title elementor-size-default\">Date des fun\u00e9railles: 21 juillet 2023<\/h2>\t\t\t\t<\/div>\n\t\t\t\t<\/div>\n\t\t\t\t<div class=\"elementor-element elementor-element-840a7a4 elementor-widget elementor-widget-text-editor\" data-id=\"840a7a4\" data-element_type=\"widget\" data-widget_type=\"text-editor.default\">\n\t\t\t\t<div class=\"elementor-widget-container\">\n\t\t\t\t\t\t\t\t\t<p class=\"xmsonormal\" style=\"text-align: justify; background: white;\"><span style=\"color: black;\">\u00c0 Montr\u00e9al, le 8 juillet 2023, \u00e0 l\u2019\u00e2ge de 82 ans est d\u00e9c\u00e9d\u00e9e Suzanne David.\u00a0\u00a0<\/span><\/p><p class=\"xmsonormal\" style=\"text-align: justify; background: white;\"><span style=\"color: #500050;\">\u00a0<\/span><span style=\"color: #500050;\">Elle laisse dans le deuil sa s\u0153ur Pauline, son fr\u00e8re Roland et sa belle-s\u0153ur Debra, son neveu Jonathan et ses ni\u00e8ces Jasmine, Esther et R\u00e9becca.\u00a0<\/span><\/p><p class=\"xmsonormal\" style=\"text-align: justify; background: white;\"><span style=\"color: #500050;\">\u00a0<\/span><span class=\"contentpasted0\"><span style=\"color: black;\">Nous nous souvenons d\u2019elle pour sa douceur, sa discr\u00e9tion et sa g\u00e9n\u00e9rosit\u00e9. Gr\u00e2ce \u00e0 son travail ardu et \u00e0 sa d\u00e9termination, elle a eu une belle carri\u00e8re accomplie, a visit\u00e9 plusieurs pays, et a particip\u00e9 \u00e0 des soir\u00e9es mondaines.<\/span><\/span><\/p><p class=\"xmsonormal\" style=\"text-align: justify; background: white;\"><span style=\"color: black;\">\u00a0<\/span><strong><span style=\"color: black;\">Vous \u00eates convi\u00e9(e)s \u00e0 lui rendre un dernier hommage au salon fun\u00e9raire LFC Rive-Nord situ\u00e9 au: (3535, boul. L\u00e9vesque Est, Laval (Qu\u00e9bec)\u00a0\u00a0H7E 2P7), le 21 juillet 2023 de 13h \u00e0 16h et de 18h \u00e0 21h.\u00a0<\/span><\/strong><\/p><p class=\"xmsonormal\" style=\"text-align: justify; background: white;\"><span style=\"color: black;\">\u00a0<\/span><span style=\"color: black;\"><strong>Une messe sera c\u00e9l\u00e9br\u00e9e le 22 juillet 2023 de 10h \u00e0 10h30 \u00e0 la Basilique-Cath\u00e9drale Marie-Reine-du-monde (1085 rue de la Cath\u00e9drale, Montr\u00e9al).<\/strong><br \/><\/span><\/p><p class=\"xmsonormal\" style=\"text-align: justify; background: white;\"><span style=\"color: black;\">\u00a0<\/span><span style=\"color: black;\">L\u2019inhumation des cendres au cimeti\u00e8re du Repos de Saint-Fran\u00e7ois d\u2019Assise se fera au (6893, rue Sherbrooke Est, \u00e0 Montr\u00e9al).\u00a0<\/span><\/p><p class=\"xmsonormal\" style=\"text-align: justify; background: white;\"><span style=\"color: black;\">\u00a0<\/span><span class=\"contentpasted0\"><span style=\"color: black;\">Nous tenons \u00e0 remercier particuli\u00e8rement le Docteur Kevin Petrecca et l\u2019\u00e9quipe de soins de l\u2019Institut-h\u00f4pital neurologique de Montr\u00e9al pour les soins minutieux que Suzanne a re\u00e7u et qui ont permis de prolonger sa vie. De plus, nous d\u00e9sirons souligner les soins constants prodigu\u00e9s au Centre d\u2019h\u00e9bergement R\u00e9al-Morel.<\/span><\/span><\/p><p class=\"xmsonormal\" style=\"text-align: justify; background: white;\"><span style=\"color: black;\">Vos t\u00e9moignages de sympathie peuvent se traduire par un don \u00e0 la Fondation de l\u2019Institut de neurologie de Montr\u00e9al au 514-398-1958.\u00a0<\/span><\/p><p class=\"xmsonormal\" style=\"text-align: justify; background: white;\"><span style=\"color: black;\">Site internet\u00a0:\u00a0<a title=\"Prot\u00e9g\u00e9 par Outlook\u00a0: https:\/\/www.mcgill.ca\/neuro\/fr\/donner\/comment-donner. Cliquez ou appuyez pour suivre le lien.\" href=\"https:\/\/www.mcgill.ca\/neuro\/fr\/donner\/comment-donner\" target=\"_blank\" rel=\"noopener\" data-auth=\"Verified\" data-linkindex=\"0\">https:\/\/www.mcgill.ca\/neuro\/fr\/donner\/comment-donner<\/a>\u00a0<\/span><\/p><p class=\"xmsonormal\" style=\"text-align: justify; background: white;\"><span style=\"color: black;\">********************<\/span><span style=\"color: #242424;\"> <br \/><\/span><\/p><p class=\"xmsonormal\" style=\"background: white;\"><span style=\"color: #242424;\">\u00a0<\/span><span style=\"color: #242424;\">Date of death: July 8, 2023<\/span><\/p><p class=\"xmsonormal\" style=\"background: white;\"><span style=\"color: #242424;\">\u00a0<\/span><span class=\"contentpasted0\"><span style=\"color: #242424;\">Funeral: July 21, 2023<\/span><\/span><\/p><p class=\"xmsonormal\" style=\"background: white;\"><span style=\"color: #242424;\">\u00a0<\/span><span style=\"color: black;\">In Montreal, on\u00a0July\u00a08, 2023, at the age of 82, Suzanne David passed away.\u00a0<\/span><\/p><p class=\"xmsonormal\" style=\"text-align: justify; background: white;\"><span style=\"color: #242424;\">\u00a0<\/span><span style=\"color: #242424;\">She will be missed by\u00a0<span class=\"contentpasted0\">her sister Pauline, her brother Roland and sister-in-law Debra, her nephew Jonathan and her nieces, Jasmine, Esther and Rebecca.<\/span><\/span><\/p><p class=\"xmsonormal\" style=\"text-align: justify; background: white;\"><span style=\"color: #242424;\">We will remember her as a mild, discreet and generous person. Because of her dedicated work and determination, she had a very successful career, has traveled to many countries, and participated in many convivial social evenings.<\/span><\/p><p class=\"xmsonormal\" style=\"text-align: justify; background: white;\"><strong><span style=\"color: #242424;\">You are invited to give her a last tribute at the LFC Funeral Home located at 3535, East Levesque boulevard, Laval (Quebec) H7E 2P7, on July 21, 2023 from 1 to 4 PM and 6 to 9 PM.<\/span><\/strong><\/p><p class=\"xmsonormal\" style=\"text-align: justify; background: white;\"><span style=\"color: #242424;\">\u00a0<\/span><strong><span style=\"color: #242424;\">A religious gathering will be celebrated on July 22, 2023 from 10 to 10:30 AM at the Marie-Reine-du-Monde Basilica-Cathedral.<\/span><\/strong><\/p><p class=\"xmsonormal\" style=\"text-align: justify; background: white;\"><span style=\"color: #242424;\">\u00a0<\/span><span style=\"color: #242424;\">After, her ashes will be laid to rest at Le Repos de Saint-Fran\u00e7ois d&rsquo;Assise located at 6893, East Sherbrooke, in Montreal.<\/span><\/p><p class=\"xmsonormal\" style=\"text-align: justify; background: white;\"><span style=\"color: #242424;\">\u00a0<\/span><span style=\"color: #242424;\">We wish to offer our deepest gratitude to Doctor Kevin Petrecca and his team from the Neurological\u00a0Institute-Hospital of Montreal for the meticulous care that Suzanne received and that has granted her longer years. Moreover, we would like to emphasize the constant care that was given at the Real-Morel long-term care facility.<\/span><\/p><p class=\"xmsonormal\" style=\"text-align: justify; background: white;\"><span style=\"color: black;\">\u00a0<\/span><span style=\"color: black;\">Your condolences may be offered through a gift to the Neurological Institute-Hospital of Montreal Foundation at 514-398-1958.<\/span><\/p><p class=\"xmsonormal\" style=\"text-align: justify; background: white;\"><span style=\"color: black;\"><span style=\"text-align: start;\">Website:\u00a0<\/span><\/span><span style=\"font-size: 11.5pt; color: black;\"><a title=\"Prot\u00e9g\u00e9 par Outlook\u00a0: https:\/\/www.mcgill.ca\/neuro\/donate. Cliquez ou appuyez pour suivre le lien.\" href=\"https:\/\/www.mcgill.ca\/neuro\/donate\" target=\"_blank\" rel=\"noopener\" data-auth=\"Verified\" data-linkindex=\"1\">https:\/\/www.mcgill.ca\/neuro\/donate<\/a><\/span><\/p>\t\t\t\t\t\t\t\t<\/div>\n\t\t\t\t<\/div>\n\t\t\t\t<div class=\"elementor-element elementor-element-58293a3 elementor-widget elementor-widget-text-editor\" data-id=\"58293a3\" data-element_type=\"widget\" data-widget_type=\"text-editor.default\">\n\t\t\t\t<div class=\"elementor-widget-container\">\n\t\t\t\t\t\t\t\t\t<p>Partager<\/p>\t\t\t\t\t\t\t\t<\/div>\n\t\t\t\t<\/div>\n\t\t\t\t<div class=\"elementor-element elementor-element-9b56f40 e-grid-align-left elementor-shape-rounded elementor-grid-0 elementor-widget elementor-widget-social-icons\" data-id=\"9b56f40\" data-element_type=\"widget\" data-widget_type=\"social-icons.default\">\n\t\t\t\t<div class=\"elementor-widget-container\">\n\t\t\t\t\t\t\t<div class=\"elementor-social-icons-wrapper elementor-grid\">\n\t\t\t\t\t\t\t<span class=\"elementor-grid-item\">\n\t\t\t\t\t<a class=\"elementor-icon elementor-social-icon elementor-social-icon-facebook elementor-repeater-item-0a3d0e2\" target=\"_blank\">\n\t\t\t\t\t\t<span class=\"elementor-screen-only\">Facebook<\/span>\n\t\t\t\t\t\t<i class=\"fab fa-facebook\"><\/i>\t\t\t\t\t<\/a>\n\t\t\t\t<\/span>\n\t\t\t\t\t<\/div>\n\t\t\t\t\t\t<\/div>\n\t\t\t\t<\/div>\n\t\t\t\t\t<\/div>\n\t\t<\/div>\n\t\t\t\t\t<\/div>\n\t\t<\/section>\n\t\t\t\t<section class=\"elementor-section elementor-top-section elementor-element elementor-element-55d93f8 elementor-section-boxed elementor-section-height-default elementor-section-height-default\" data-id=\"55d93f8\" data-element_type=\"section\" data-settings=\"{&quot;background_background&quot;:&quot;classic&quot;}\">\n\t\t\t\t\t\t<div class=\"elementor-container elementor-column-gap-default\">\n\t\t\t\t\t<div class=\"elementor-column elementor-col-100 elementor-top-column elementor-element elementor-element-fdd1c24\" data-id=\"fdd1c24\" data-element_type=\"column\">\n\t\t\t<div class=\"elementor-widget-wrap elementor-element-populated\">\n\t\t\t\t\t\t<div class=\"elementor-element elementor-element-a577f41 elementor-widget elementor-widget-heading\" data-id=\"a577f41\" data-element_type=\"widget\" data-widget_type=\"heading.default\">\n\t\t\t\t<div class=\"elementor-widget-container\">\n\t\t\t\t\t<h2 class=\"elementor-heading-title elementor-size-default\">Envoyez un message de condol\u00e9ances \u00e0 la famille<\/h2>\t\t\t\t<\/div>\n\t\t\t\t<\/div>\n\t\t\t\t<div class=\"elementor-element elementor-element-835695b elementor-button-align-end elementor-widget elementor-widget-form\" data-id=\"835695b\" data-element_type=\"widget\" data-settings=\"{&quot;step_next_label&quot;:&quot;Suivant&quot;,&quot;step_previous_label&quot;:&quot;Pr\\u00e9c\\u00e9dent&quot;,&quot;button_width&quot;:&quot;100&quot;,&quot;step_type&quot;:&quot;number_text&quot;,&quot;step_icon_shape&quot;:&quot;circle&quot;}\" data-widget_type=\"form.default\">\n\t\t\t\t<div class=\"elementor-widget-container\">\n\t\t\t\t\t\t\t<form class=\"elementor-form\" method=\"post\" name=\"Nouveau formulaire\">\n\t\t\t<input type=\"hidden\" name=\"post_id\" value=\"6439\"\/>\n\t\t\t<input type=\"hidden\" name=\"form_id\" value=\"835695b\"\/>\n\t\t\t<input type=\"hidden\" name=\"referer_title\" value=\"\" \/>\n\n\t\t\t\n\t\t\t<div class=\"elementor-form-fields-wrapper elementor-labels-above\">\n\t\t\t\t\t\t\t\t<div class=\"elementor-field-type-text elementor-field-group elementor-column elementor-field-group-name elementor-col-50\">\n\t\t\t\t\t\t\t\t\t\t\t\t<label for=\"form-field-name\" class=\"elementor-field-label\">\n\t\t\t\t\t\t\t\tNom\t\t\t\t\t\t\t<\/label>\n\t\t\t\t\t\t\t\t\t\t\t\t\t\t<input size=\"1\" type=\"text\" name=\"form_fields[name]\" id=\"form-field-name\" class=\"elementor-field elementor-size-sm  elementor-field-textual\" placeholder=\"inscrire votre nom complet\">\n\t\t\t\t\t\t\t\t\t\t\t<\/div>\n\t\t\t\t\t\t\t\t<div class=\"elementor-field-type-email elementor-field-group elementor-column elementor-field-group-email elementor-col-50 elementor-field-required\">\n\t\t\t\t\t\t\t\t\t\t\t\t<label for=\"form-field-email\" class=\"elementor-field-label\">\n\t\t\t\t\t\t\t\tCourriel\t\t\t\t\t\t\t<\/label>\n\t\t\t\t\t\t\t\t\t\t\t\t\t\t<input size=\"1\" type=\"email\" name=\"form_fields[email]\" id=\"form-field-email\" class=\"elementor-field elementor-size-sm  elementor-field-textual\" placeholder=\"inscrire votre courriel\" required=\"required\" aria-required=\"true\">\n\t\t\t\t\t\t\t\t\t\t\t<\/div>\n\t\t\t\t\t\t\t\t<div class=\"elementor-field-type-textarea elementor-field-group elementor-column elementor-field-group-message elementor-col-100\">\n\t\t\t\t\t\t\t\t\t\t\t\t<label for=\"form-field-message\" class=\"elementor-field-label\">\n\t\t\t\t\t\t\t\tMessage\t\t\t\t\t\t\t<\/label>\n\t\t\t\t\t\t<textarea class=\"elementor-field-textual elementor-field  elementor-size-sm\" name=\"form_fields[message]\" id=\"form-field-message\" rows=\"4\" placeholder=\"\u00e9crire votre message\"><\/textarea>\t\t\t\t<\/div>\n\t\t\t\t\t\t\t\t<div class=\"elementor-field-type-email elementor-field-group elementor-column elementor-field-group-courrieldelapersonne elementor-col-60 elementor-field-required\">\n\t\t\t\t\t\t\t\t\t\t\t\t<label for=\"form-field-courrieldelapersonne\" class=\"elementor-field-label\">\n\t\t\t\t\t\t\t\tVotre courriel sera envoy\u00e9 \u00e0 l'adresse suivante\t\t\t\t\t\t\t<\/label>\n\t\t\t\t\t\t\t\t\t\t\t\t\t\t<input size=\"1\" type=\"email\" name=\"form_fields[courrieldelapersonne]\" id=\"form-field-courrieldelapersonne\" class=\"elementor-field elementor-size-sm  elementor-field-textual\" value=\"Fleurie77@outlook.com\" required=\"required\" aria-required=\"true\">\n\t\t\t\t\t\t\t\t\t\t\t<\/div>\n\t\t\t\t\t\t\t\t<div class=\"elementor-field-group elementor-column elementor-field-type-submit elementor-col-100 e-form__buttons\">\n\t\t\t\t\t<button class=\"elementor-button elementor-size-md elementor-animation-shrink\" type=\"submit\">\n\t\t\t\t\t\t<span class=\"elementor-button-content-wrapper\">\n\t\t\t\t\t\t\t\t\t\t\t\t\t\t\t\t\t\t\t\t\t\t<span class=\"elementor-button-text\">Envoyer<\/span>\n\t\t\t\t\t\t\t\t\t\t\t\t\t<\/span>\n\t\t\t\t\t<\/button>\n\t\t\t\t<\/div>\n\t\t\t<\/div>\n\t\t<\/form>\n\t\t\t\t\t\t<\/div>\n\t\t\t\t<\/div>\n\t\t\t\t\t<\/div>\n\t\t<\/div>\n\t\t\t\t\t<\/div>\n\t\t<\/section>\n\t\t\t\t<\/div>\n\t\t","protected":false},"excerpt":{"rendered":"<p>\u00c0 Montr\u00e9al, le 8 juillet 2023, \u00e0 l\u2019\u00e2ge de 82 ans est d\u00e9c\u00e9d\u00e9e Suzanne David.&nbsp;&nbsp; &nbsp;Elle laisse dans le deuil sa s\u0153ur Pauline, son fr\u00e8re Roland et sa belle-s\u0153ur Debra, son neveu Jonathan et ses ni\u00e8ces Jasmine, Esther et R\u00e9becca.&nbsp; &nbsp;Nous nous souvenons d\u2019elle pour sa douceur, sa discr\u00e9tion et sa g\u00e9n\u00e9rosit\u00e9. Gr\u00e2ce \u00e0 son [&hellip;]<\/p>\n","protected":false},"author":3,"featured_media":6440,"comment_status":"open","ping_status":"open","sticky":false,"template":"elementor_header_footer","format":"standard","meta":{"_acf_changed":false,"footnotes":""},"categories":[1],"tags":[],"class_list":["post-6439","post","type-post","status-publish","format-standard","has-post-thumbnail","hentry","category-uncategorized"],"acf":[],"_links":{"self":[{"href":"https:\/\/salonlfcrivenord.com\/en\/wp-json\/wp\/v2\/posts\/6439","targetHints":{"allow":["GET"]}}],"collection":[{"href":"https:\/\/salonlfcrivenord.com\/en\/wp-json\/wp\/v2\/posts"}],"about":[{"href":"https:\/\/salonlfcrivenord.com\/en\/wp-json\/wp\/v2\/types\/post"}],"author":[{"embeddable":true,"href":"https:\/\/salonlfcrivenord.com\/en\/wp-json\/wp\/v2\/users\/3"}],"replies":[{"embeddable":true,"href":"https:\/\/salonlfcrivenord.com\/en\/wp-json\/wp\/v2\/comments?post=6439"}],"version-history":[{"count":6,"href":"https:\/\/salonlfcrivenord.com\/en\/wp-json\/wp\/v2\/posts\/6439\/revisions"}],"predecessor-version":[{"id":6446,"href":"https:\/\/salonlfcrivenord.com\/en\/wp-json\/wp\/v2\/posts\/6439\/revisions\/6446"}],"wp:featuredmedia":[{"embeddable":true,"href":"https:\/\/salonlfcrivenord.com\/en\/wp-json\/wp\/v2\/media\/6440"}],"wp:attachment":[{"href":"https:\/\/salonlfcrivenord.com\/en\/wp-json\/wp\/v2\/media?parent=6439"}],"wp:term":[{"taxonomy":"category","embeddable":true,"href":"https:\/\/salonlfcrivenord.com\/en\/wp-json\/wp\/v2\/categories?post=6439"},{"taxonomy":"post_tag","embeddable":true,"href":"https:\/\/salonlfcrivenord.com\/en\/wp-json\/wp\/v2\/tags?post=6439"}],"curies":[{"name":"wp","href":"https:\/\/api.w.org\/{rel}","templated":true}]}}