{"id":11245,"date":"2026-03-06T10:10:42","date_gmt":"2026-03-06T15:10:42","guid":{"rendered":"https:\/\/salonlfcrivenord.com\/?p=11245"},"modified":"2026-03-06T10:10:54","modified_gmt":"2026-03-06T15:10:54","slug":"francine-beaulieu","status":"publish","type":"post","link":"https:\/\/salonlfcrivenord.com\/en\/2026\/03\/06\/francine-beaulieu\/","title":{"rendered":"Francine Beaulieu"},"content":{"rendered":"\t\t<div data-elementor-type=\"wp-post\" data-elementor-id=\"11245\" class=\"elementor elementor-11245\" data-elementor-post-type=\"post\">\n\t\t\t\t\t\t<section class=\"elementor-section elementor-top-section elementor-element elementor-element-54bac81 elementor-section-boxed elementor-section-height-default elementor-section-height-default\" data-id=\"54bac81\" data-element_type=\"section\">\n\t\t\t\t\t\t<div class=\"elementor-container elementor-column-gap-default\">\n\t\t\t\t\t<div class=\"elementor-column elementor-col-50 elementor-top-column elementor-element elementor-element-a5c8c2a\" data-id=\"a5c8c2a\" data-element_type=\"column\">\n\t\t\t<div class=\"elementor-widget-wrap elementor-element-populated\">\n\t\t\t\t\t\t<div class=\"elementor-element elementor-element-8339479 elementor-widget elementor-widget-theme-post-featured-image elementor-widget-image\" data-id=\"8339479\" data-element_type=\"widget\" data-widget_type=\"theme-post-featured-image.default\">\n\t\t\t\t<div class=\"elementor-widget-container\">\n\t\t\t\t\t\t\t\t\t\t\t\t\t\t\t<img fetchpriority=\"high\" decoding=\"async\" width=\"792\" height=\"1024\" src=\"https:\/\/salonlfcrivenord.com\/wp-content\/uploads\/2026\/03\/Francine-Beaulieu-792x1024.jpg\" class=\"attachment-large size-large wp-image-11247\" alt=\"\" srcset=\"https:\/\/salonlfcrivenord.com\/wp-content\/uploads\/2026\/03\/Francine-Beaulieu-792x1024.jpg 792w, https:\/\/salonlfcrivenord.com\/wp-content\/uploads\/2026\/03\/Francine-Beaulieu-232x300.jpg 232w, https:\/\/salonlfcrivenord.com\/wp-content\/uploads\/2026\/03\/Francine-Beaulieu-768x993.jpg 768w, https:\/\/salonlfcrivenord.com\/wp-content\/uploads\/2026\/03\/Francine-Beaulieu-1188x1536.jpg 1188w, https:\/\/salonlfcrivenord.com\/wp-content\/uploads\/2026\/03\/Francine-Beaulieu-1583x2048.jpg 1583w, https:\/\/salonlfcrivenord.com\/wp-content\/uploads\/2026\/03\/Francine-Beaulieu-9x12.jpg 9w, https:\/\/salonlfcrivenord.com\/wp-content\/uploads\/2026\/03\/Francine-Beaulieu-600x776.jpg 600w, https:\/\/salonlfcrivenord.com\/wp-content\/uploads\/2026\/03\/Francine-Beaulieu-scaled.jpg 1979w\" sizes=\"(max-width: 792px) 100vw, 792px\" \/>\t\t\t\t\t\t\t\t\t\t\t\t\t\t\t<\/div>\n\t\t\t\t<\/div>\n\t\t\t\t\t<\/div>\n\t\t<\/div>\n\t\t\t\t<div class=\"elementor-column elementor-col-50 elementor-top-column elementor-element elementor-element-587d4f4\" data-id=\"587d4f4\" data-element_type=\"column\">\n\t\t\t<div class=\"elementor-widget-wrap elementor-element-populated\">\n\t\t\t\t\t\t<div class=\"elementor-element elementor-element-25b8023 elementor-widget elementor-widget-theme-post-title elementor-page-title elementor-widget-heading\" data-id=\"25b8023\" data-element_type=\"widget\" data-widget_type=\"theme-post-title.default\">\n\t\t\t\t<div class=\"elementor-widget-container\">\n\t\t\t\t\t<h1 class=\"elementor-heading-title elementor-size-default\">Francine Beaulieu<\/h1>\t\t\t\t<\/div>\n\t\t\t\t<\/div>\n\t\t\t\t<div class=\"elementor-element elementor-element-94cf914 elementor-widget elementor-widget-heading\" data-id=\"94cf914\" data-element_type=\"widget\" data-widget_type=\"heading.default\">\n\t\t\t\t<div class=\"elementor-widget-container\">\n\t\t\t\t\t<h2 class=\"elementor-heading-title elementor-size-default\">Ann\u00e9e de naissance: 1949<\/h2>\t\t\t\t<\/div>\n\t\t\t\t<\/div>\n\t\t\t\t<div class=\"elementor-element elementor-element-46c8730 elementor-widget elementor-widget-heading\" data-id=\"46c8730\" data-element_type=\"widget\" data-widget_type=\"heading.default\">\n\t\t\t\t<div class=\"elementor-widget-container\">\n\t\t\t\t\t<h2 class=\"elementor-heading-title elementor-size-default\">Date de d\u00e9c\u00e8s: 22 Janvier 2026<\/h2>\t\t\t\t<\/div>\n\t\t\t\t<\/div>\n\t\t\t\t<div class=\"elementor-element elementor-element-a70cdee elementor-widget elementor-widget-heading\" data-id=\"a70cdee\" data-element_type=\"widget\" data-widget_type=\"heading.default\">\n\t\t\t\t<div class=\"elementor-widget-container\">\n\t\t\t\t\t<h2 class=\"elementor-heading-title elementor-size-default\">Date des fun\u00e9railles: 21 mars 2026<\/h2>\t\t\t\t<\/div>\n\t\t\t\t<\/div>\n\t\t\t\t<div class=\"elementor-element elementor-element-840a7a4 elementor-widget__width-initial elementor-widget elementor-widget-text-editor\" data-id=\"840a7a4\" data-element_type=\"widget\" data-widget_type=\"text-editor.default\">\n\t\t\t\t<div class=\"elementor-widget-container\">\n\t\t\t\t\t\t\t\t\t<div dir=\"auto\">\n<div>\n<pre class=\"vC7TJ allowTextSelection\">&nbsp;<\/pre>\n<\/div>\n<div>\n<div dir=\"auto\" data-olk-copy-source=\"MessageBody\">C&rsquo;est avec une profonde tristesse que nous vous faisons part du d\u00e9c\u00e8s de Mme Francine Beaulieu, survenu \u00e0 St-Eustache le 21 f\u00e9vrier 2026 \u00e0 l&rsquo;\u00e2ge de 76 ans.<\/div>\n<div dir=\"auto\" data-olk-copy-source=\"MessageBody\">&nbsp;<\/div>\n<div dir=\"auto\" data-olk-copy-source=\"MessageBody\">N\u00e9e \u00e0 Cabano, fille de feu R\u00e9al Beaulieu et de feu Annette \u00c9mond. Conjointe de Claude Samuel,&nbsp;elle laisse \u00e9galement dans le deuil, ses enfants Yannick (Marie-Pierre) et (feu) Jacynthe, ses petits enfants Liam et Alexy ainsi que parents et amis.&nbsp;<\/div>\n<div dir=\"auto\">&nbsp;<\/div>\n<div dir=\"auto\">Elle manquera profond\u00e9ment \u00e0 tout ceux qui l&rsquo;ont aim\u00e9e.<\/div>\n<div dir=\"auto\">&nbsp;<\/div>\n<\/div>\n<div><strong>La famille recevra les condol\u00e9ances au Salon Fun\u00e9raire LFC Rive-Nord, situ\u00e9 au 3535 Boulevard L\u00e9vesque Est \u00e0 Laval,&nbsp; Samedi le 21 mars 2026 de 14h30 \u00e0 18h30.<\/strong><\/div>\n<div>&nbsp;<\/div>\n<div><span data-olk-copy-source=\"MessageBody\">Pour ceux qui le d\u00e9sire, un don pour la recherche sur la maladie de l&rsquo;alzeimer (dont ma m\u00e8re et ses soeurs ont soufferts) seraient appr\u00e9ci\u00e9s.<\/span><\/div>\n<div>&nbsp;<\/div>\n<\/div>\n<div dir=\"auto\">Salon Fun\u00e9raire LFC Rive-Nord Laval<\/div>\n<div dir=\"auto\">Propri\u00e9taire: Patrick Lajeunesse<\/div>\n<div dir=\"auto\">450-478-8042 \/ 514-770-9770<\/div>\t\t\t\t\t\t\t\t<\/div>\n\t\t\t\t<\/div>\n\t\t\t\t<div class=\"elementor-element elementor-element-58293a3 elementor-widget elementor-widget-text-editor\" data-id=\"58293a3\" data-element_type=\"widget\" data-widget_type=\"text-editor.default\">\n\t\t\t\t<div class=\"elementor-widget-container\">\n\t\t\t\t\t\t\t\t\t<p>Partager<\/p>\t\t\t\t\t\t\t\t<\/div>\n\t\t\t\t<\/div>\n\t\t\t\t<div class=\"elementor-element elementor-element-2a4cb02 elementor-share-buttons--align-left elementor-share-buttons--view-icon-text elementor-share-buttons--skin-gradient elementor-share-buttons--shape-square elementor-grid-0 elementor-share-buttons--color-official elementor-widget elementor-widget-share-buttons\" data-id=\"2a4cb02\" data-element_type=\"widget\" data-widget_type=\"share-buttons.default\">\n\t\t\t\t<div class=\"elementor-widget-container\">\n\t\t\t\t\t\t\t<div class=\"elementor-grid\">\n\t\t\t\t\t\t\t\t<div class=\"elementor-grid-item\">\n\t\t\t\t\t\t<div\n\t\t\t\t\t\t\tclass=\"elementor-share-btn elementor-share-btn_facebook\"\n\t\t\t\t\t\t\trole=\"button\"\n\t\t\t\t\t\t\ttabindex=\"0\"\n\t\t\t\t\t\t\taria-label=\"Share on facebook\"\n\t\t\t\t\t\t>\n\t\t\t\t\t\t\t\t\t\t\t\t\t\t\t<span class=\"elementor-share-btn__icon\">\n\t\t\t\t\t\t\t\t<i class=\"fab fa-facebook\" aria-hidden=\"true\"><\/i>\t\t\t\t\t\t\t<\/span>\n\t\t\t\t\t\t\t\t\t\t\t\t\t\t\t\t\t\t\t\t\t\t<div class=\"elementor-share-btn__text\">\n\t\t\t\t\t\t\t\t\t\t\t\t\t\t\t\t\t\t\t<span class=\"elementor-share-btn__title\">\n\t\t\t\t\t\t\t\t\t\tFacebook\t\t\t\t\t\t\t\t\t<\/span>\n\t\t\t\t\t\t\t\t\t\t\t\t\t\t\t\t\t<\/div>\n\t\t\t\t\t\t\t\t\t\t\t\t\t<\/div>\n\t\t\t\t\t<\/div>\n\t\t\t\t\t\t<\/div>\n\t\t\t\t\t\t<\/div>\n\t\t\t\t<\/div>\n\t\t\t\t\t<\/div>\n\t\t<\/div>\n\t\t\t\t\t<\/div>\n\t\t<\/section>\n\t\t\t\t<section class=\"elementor-section elementor-top-section elementor-element elementor-element-55d93f8 elementor-section-boxed elementor-section-height-default elementor-section-height-default\" data-id=\"55d93f8\" data-element_type=\"section\" data-settings=\"{&quot;background_background&quot;:&quot;classic&quot;}\">\n\t\t\t\t\t\t<div class=\"elementor-container elementor-column-gap-default\">\n\t\t\t\t\t<div class=\"elementor-column elementor-col-100 elementor-top-column elementor-element elementor-element-fdd1c24\" data-id=\"fdd1c24\" data-element_type=\"column\">\n\t\t\t<div class=\"elementor-widget-wrap elementor-element-populated\">\n\t\t\t\t\t\t<div class=\"elementor-element elementor-element-a577f41 elementor-widget elementor-widget-heading\" data-id=\"a577f41\" data-element_type=\"widget\" data-widget_type=\"heading.default\">\n\t\t\t\t<div class=\"elementor-widget-container\">\n\t\t\t\t\t<h2 class=\"elementor-heading-title elementor-size-default\">Envoyez un message de condol\u00e9ances \u00e0 la famille<\/h2>\t\t\t\t<\/div>\n\t\t\t\t<\/div>\n\t\t\t\t<div class=\"elementor-element elementor-element-835695b elementor-button-align-end elementor-widget elementor-widget-form\" data-id=\"835695b\" data-element_type=\"widget\" data-settings=\"{&quot;step_next_label&quot;:&quot;Suivant&quot;,&quot;step_previous_label&quot;:&quot;Pr\\u00e9c\\u00e9dent&quot;,&quot;button_width&quot;:&quot;100&quot;,&quot;step_type&quot;:&quot;number_text&quot;,&quot;step_icon_shape&quot;:&quot;circle&quot;}\" data-widget_type=\"form.default\">\n\t\t\t\t<div class=\"elementor-widget-container\">\n\t\t\t\t\t\t\t<form class=\"elementor-form\" method=\"post\" name=\"Nouveau formulaire\">\n\t\t\t<input type=\"hidden\" name=\"post_id\" value=\"11245\"\/>\n\t\t\t<input type=\"hidden\" name=\"form_id\" value=\"835695b\"\/>\n\t\t\t<input type=\"hidden\" name=\"referer_title\" value=\"\" \/>\n\n\t\t\t\n\t\t\t<div class=\"elementor-form-fields-wrapper elementor-labels-above\">\n\t\t\t\t\t\t\t\t<div class=\"elementor-field-type-text elementor-field-group elementor-column elementor-field-group-name elementor-col-50\">\n\t\t\t\t\t\t\t\t\t\t\t\t<label for=\"form-field-name\" class=\"elementor-field-label\">\n\t\t\t\t\t\t\t\tNom\t\t\t\t\t\t\t<\/label>\n\t\t\t\t\t\t\t\t\t\t\t\t\t\t<input size=\"1\" type=\"text\" name=\"form_fields[name]\" id=\"form-field-name\" class=\"elementor-field elementor-size-sm  elementor-field-textual\" placeholder=\"inscrire votre nom complet\">\n\t\t\t\t\t\t\t\t\t\t\t<\/div>\n\t\t\t\t\t\t\t\t<div class=\"elementor-field-type-email elementor-field-group elementor-column elementor-field-group-email elementor-col-50 elementor-field-required\">\n\t\t\t\t\t\t\t\t\t\t\t\t<label for=\"form-field-email\" class=\"elementor-field-label\">\n\t\t\t\t\t\t\t\tCourriel\t\t\t\t\t\t\t<\/label>\n\t\t\t\t\t\t\t\t\t\t\t\t\t\t<input size=\"1\" type=\"email\" name=\"form_fields[email]\" id=\"form-field-email\" class=\"elementor-field elementor-size-sm  elementor-field-textual\" placeholder=\"inscrire votre courriel\" required=\"required\" aria-required=\"true\">\n\t\t\t\t\t\t\t\t\t\t\t<\/div>\n\t\t\t\t\t\t\t\t<div class=\"elementor-field-type-textarea elementor-field-group elementor-column elementor-field-group-message elementor-col-100\">\n\t\t\t\t\t\t\t\t\t\t\t\t<label for=\"form-field-message\" class=\"elementor-field-label\">\n\t\t\t\t\t\t\t\tMessage\t\t\t\t\t\t\t<\/label>\n\t\t\t\t\t\t<textarea class=\"elementor-field-textual elementor-field  elementor-size-sm\" name=\"form_fields[message]\" id=\"form-field-message\" rows=\"4\" placeholder=\"\u00e9crire votre message\"><\/textarea>\t\t\t\t<\/div>\n\t\t\t\t\t\t\t\t<div class=\"elementor-field-type-email elementor-field-group elementor-column elementor-field-group-courrieldelapersonne elementor-col-60 elementor-field-required\">\n\t\t\t\t\t\t\t\t\t\t\t\t<label for=\"form-field-courrieldelapersonne\" class=\"elementor-field-label\">\n\t\t\t\t\t\t\t\tVotre courriel sera envoy\u00e9 \u00e0 l'adresse suivante\t\t\t\t\t\t\t<\/label>\n\t\t\t\t\t\t\t\t\t\t\t\t\t\t<input size=\"1\" type=\"email\" name=\"form_fields[courrieldelapersonne]\" id=\"form-field-courrieldelapersonne\" class=\"elementor-field elementor-size-sm  elementor-field-textual\" value=\"yannicksamuel83@gmail.com\" required=\"required\" aria-required=\"true\">\n\t\t\t\t\t\t\t\t\t\t\t<\/div>\n\t\t\t\t\t\t\t\t<div class=\"elementor-field-group elementor-column elementor-field-type-submit elementor-col-100 e-form__buttons\">\n\t\t\t\t\t<button class=\"elementor-button elementor-size-md elementor-animation-shrink\" type=\"submit\">\n\t\t\t\t\t\t<span class=\"elementor-button-content-wrapper\">\n\t\t\t\t\t\t\t\t\t\t\t\t\t\t\t\t\t\t\t\t\t\t<span class=\"elementor-button-text\">Envoyer<\/span>\n\t\t\t\t\t\t\t\t\t\t\t\t\t<\/span>\n\t\t\t\t\t<\/button>\n\t\t\t\t<\/div>\n\t\t\t<\/div>\n\t\t<\/form>\n\t\t\t\t\t\t<\/div>\n\t\t\t\t<\/div>\n\t\t\t\t\t<\/div>\n\t\t<\/div>\n\t\t\t\t\t<\/div>\n\t\t<\/section>\n\t\t\t\t<\/div>\n\t\t","protected":false},"excerpt":{"rendered":"<p>&nbsp; C&rsquo;est avec une profonde tristesse que nous vous faisons part du d\u00e9c\u00e8s de Mme Francine Beaulieu, survenu \u00e0 St-Eustache le 21 f\u00e9vrier 2026 \u00e0 l&rsquo;\u00e2ge de 76 ans. &nbsp; N\u00e9e \u00e0 Cabano, fille de feu R\u00e9al Beaulieu et de feu Annette \u00c9mond. Conjointe de Claude Samuel,&nbsp;elle laisse \u00e9galement dans le deuil, ses enfants Yannick [&hellip;]<\/p>\n","protected":false},"author":3,"featured_media":11247,"comment_status":"open","ping_status":"open","sticky":false,"template":"elementor_header_footer","format":"standard","meta":{"_acf_changed":false,"footnotes":""},"categories":[1],"tags":[],"class_list":["post-11245","post","type-post","status-publish","format-standard","has-post-thumbnail","hentry","category-uncategorized"],"acf":[],"_links":{"self":[{"href":"https:\/\/salonlfcrivenord.com\/en\/wp-json\/wp\/v2\/posts\/11245","targetHints":{"allow":["GET"]}}],"collection":[{"href":"https:\/\/salonlfcrivenord.com\/en\/wp-json\/wp\/v2\/posts"}],"about":[{"href":"https:\/\/salonlfcrivenord.com\/en\/wp-json\/wp\/v2\/types\/post"}],"author":[{"embeddable":true,"href":"https:\/\/salonlfcrivenord.com\/en\/wp-json\/wp\/v2\/users\/3"}],"replies":[{"embeddable":true,"href":"https:\/\/salonlfcrivenord.com\/en\/wp-json\/wp\/v2\/comments?post=11245"}],"version-history":[{"count":5,"href":"https:\/\/salonlfcrivenord.com\/en\/wp-json\/wp\/v2\/posts\/11245\/revisions"}],"predecessor-version":[{"id":11251,"href":"https:\/\/salonlfcrivenord.com\/en\/wp-json\/wp\/v2\/posts\/11245\/revisions\/11251"}],"wp:featuredmedia":[{"embeddable":true,"href":"https:\/\/salonlfcrivenord.com\/en\/wp-json\/wp\/v2\/media\/11247"}],"wp:attachment":[{"href":"https:\/\/salonlfcrivenord.com\/en\/wp-json\/wp\/v2\/media?parent=11245"}],"wp:term":[{"taxonomy":"category","embeddable":true,"href":"https:\/\/salonlfcrivenord.com\/en\/wp-json\/wp\/v2\/categories?post=11245"},{"taxonomy":"post_tag","embeddable":true,"href":"https:\/\/salonlfcrivenord.com\/en\/wp-json\/wp\/v2\/tags?post=11245"}],"curies":[{"name":"wp","href":"https:\/\/api.w.org\/{rel}","templated":true}]}}