{"id":11002,"date":"2026-01-14T14:19:24","date_gmt":"2026-01-14T19:19:24","guid":{"rendered":"https:\/\/salonlfcrivenord.com\/?p=11002"},"modified":"2026-01-19T13:26:01","modified_gmt":"2026-01-19T18:26:01","slug":"marie-therese-haddad","status":"publish","type":"post","link":"https:\/\/salonlfcrivenord.com\/en\/2026\/01\/14\/marie-therese-haddad\/","title":{"rendered":"Marie-Th\u00e9r\u00e8se Haddad"},"content":{"rendered":"\t\t<div data-elementor-type=\"wp-post\" data-elementor-id=\"11002\" class=\"elementor elementor-11002\" data-elementor-post-type=\"post\">\n\t\t\t\t\t\t<section class=\"elementor-section elementor-top-section elementor-element elementor-element-54bac81 elementor-section-boxed elementor-section-height-default elementor-section-height-default\" data-id=\"54bac81\" data-element_type=\"section\">\n\t\t\t\t\t\t<div class=\"elementor-container elementor-column-gap-default\">\n\t\t\t\t\t<div class=\"elementor-column elementor-col-50 elementor-top-column elementor-element elementor-element-a5c8c2a\" data-id=\"a5c8c2a\" data-element_type=\"column\">\n\t\t\t<div class=\"elementor-widget-wrap elementor-element-populated\">\n\t\t\t\t\t\t<div class=\"elementor-element elementor-element-8339479 elementor-widget elementor-widget-theme-post-featured-image elementor-widget-image\" data-id=\"8339479\" data-element_type=\"widget\" data-widget_type=\"theme-post-featured-image.default\">\n\t\t\t\t<div class=\"elementor-widget-container\">\n\t\t\t\t\t\t\t\t\t\t\t\t\t\t\t<img fetchpriority=\"high\" decoding=\"async\" width=\"789\" height=\"1024\" src=\"https:\/\/salonlfcrivenord.com\/wp-content\/uploads\/2026\/01\/PHOTO-MARIE-THERESE-HADDAD-789x1024.jpg\" class=\"attachment-large size-large wp-image-11003\" alt=\"\" srcset=\"https:\/\/salonlfcrivenord.com\/wp-content\/uploads\/2026\/01\/PHOTO-MARIE-THERESE-HADDAD-789x1024.jpg 789w, https:\/\/salonlfcrivenord.com\/wp-content\/uploads\/2026\/01\/PHOTO-MARIE-THERESE-HADDAD-231x300.jpg 231w, https:\/\/salonlfcrivenord.com\/wp-content\/uploads\/2026\/01\/PHOTO-MARIE-THERESE-HADDAD-768x997.jpg 768w, https:\/\/salonlfcrivenord.com\/wp-content\/uploads\/2026\/01\/PHOTO-MARIE-THERESE-HADDAD-9x12.jpg 9w, https:\/\/salonlfcrivenord.com\/wp-content\/uploads\/2026\/01\/PHOTO-MARIE-THERESE-HADDAD-600x779.jpg 600w, https:\/\/salonlfcrivenord.com\/wp-content\/uploads\/2026\/01\/PHOTO-MARIE-THERESE-HADDAD.jpg 1071w\" sizes=\"(max-width: 789px) 100vw, 789px\" \/>\t\t\t\t\t\t\t\t\t\t\t\t\t\t\t<\/div>\n\t\t\t\t<\/div>\n\t\t\t\t\t<\/div>\n\t\t<\/div>\n\t\t\t\t<div class=\"elementor-column elementor-col-50 elementor-top-column elementor-element elementor-element-587d4f4\" data-id=\"587d4f4\" data-element_type=\"column\">\n\t\t\t<div class=\"elementor-widget-wrap elementor-element-populated\">\n\t\t\t\t\t\t<div class=\"elementor-element elementor-element-25b8023 elementor-widget elementor-widget-theme-post-title elementor-page-title elementor-widget-heading\" data-id=\"25b8023\" data-element_type=\"widget\" data-widget_type=\"theme-post-title.default\">\n\t\t\t\t<div class=\"elementor-widget-container\">\n\t\t\t\t\t<h1 class=\"elementor-heading-title elementor-size-default\">Marie-Th\u00e9r\u00e8se Haddad<\/h1>\t\t\t\t<\/div>\n\t\t\t\t<\/div>\n\t\t\t\t<div class=\"elementor-element elementor-element-94cf914 elementor-widget elementor-widget-heading\" data-id=\"94cf914\" data-element_type=\"widget\" data-widget_type=\"heading.default\">\n\t\t\t\t<div class=\"elementor-widget-container\">\n\t\t\t\t\t<h2 class=\"elementor-heading-title elementor-size-default\">Ann\u00e9e de naissance: 1938<\/h2>\t\t\t\t<\/div>\n\t\t\t\t<\/div>\n\t\t\t\t<div class=\"elementor-element elementor-element-46c8730 elementor-widget elementor-widget-heading\" data-id=\"46c8730\" data-element_type=\"widget\" data-widget_type=\"heading.default\">\n\t\t\t\t<div class=\"elementor-widget-container\">\n\t\t\t\t\t<h2 class=\"elementor-heading-title elementor-size-default\">Date de d\u00e9c\u00e8s: 13 janvier 2026<\/h2>\t\t\t\t<\/div>\n\t\t\t\t<\/div>\n\t\t\t\t<div class=\"elementor-element elementor-element-a70cdee elementor-widget elementor-widget-heading\" data-id=\"a70cdee\" data-element_type=\"widget\" data-widget_type=\"heading.default\">\n\t\t\t\t<div class=\"elementor-widget-container\">\n\t\t\t\t\t<h2 class=\"elementor-heading-title elementor-size-default\">Date des fun\u00e9railles: 17 janvier 2026<\/h2>\t\t\t\t<\/div>\n\t\t\t\t<\/div>\n\t\t\t\t<div class=\"elementor-element elementor-element-840a7a4 elementor-widget__width-initial elementor-widget elementor-widget-text-editor\" data-id=\"840a7a4\" data-element_type=\"widget\" data-widget_type=\"text-editor.default\">\n\t\t\t\t<div class=\"elementor-widget-container\">\n\t\t\t\t\t\t\t\t\t<p>Le Ciel a accueilli un ange<\/p><p>C\u2019est avec une profonde tristesse que nous annon\u00e7ons le d\u00e9c\u00e8s paisible de notre ch\u00e8re m\u00e8re, Marie-Th\u00e9r\u00e8se Haddad (Saad), survenu le 13 janvier 2026.<\/p><p>Marie-Th\u00e9r\u00e8se \u00e9tait une \u00e9pouse d\u00e9vou\u00e9e, mari\u00e9e \u00e0 George Saad pendant 67 ans, une m\u00e8re aimante (Fred, Claire, Eddy), une grand-m\u00e8re (Genevi\u00e8ve, Julien, Skye, V\u00e9ronique, Mika\u00ebl, Anthony, Olivia, Simon) et arri\u00e8re-grand-m\u00e8re (B\u00e9atrice, \u00c9lo\u00efse, Lionel, L\u00e9na), profond\u00e9ment ch\u00e9rie, et le c\u0153ur de notre famille. Femme d\u2019une g\u00e9n\u00e9rosit\u00e9 et d\u2019une bienveillance exceptionnelle, elle pla\u00e7ait toujours les besoins des autres avant les siens. Discr\u00e8te et humble, sa gentillesse et sa douceur ont touch\u00e9 d\u2019innombrables personnes, souvent sans qu\u2019elle ne cherche jamais \u00e0 se faire remarquer.<\/p><p>Tout au long de notre enfance, elle a \u00e9t\u00e9 le pilier de notre famille, offrant un amour inconditionnel, une force tranquille et une pr\u00e9sence rassurante. Par son exemple, elle nous a transmis, ainsi qu\u2019\u00e0 nos enfants, des valeurs de d\u00e9vouement, de simplicit\u00e9 et l\u2019importance primordiale de la famille.<\/p><p>Elle manquera profond\u00e9ment \u00e0 tous ceux et celles qui ont eu le privil\u00e8ge de la conna\u00eetre. Apr\u00e8s plusieurs ann\u00e9es marqu\u00e9es par des probl\u00e8mes de sant\u00e9 affront\u00e9s avec courage, elle repose maintenant en paix, lib\u00e9r\u00e9e de toute souffrance.<\/p><p>Son amour demeurera \u00e0 jamais grav\u00e9 dans nos c\u0153urs.<\/p><p><strong>Une c\u00e9l\u00e9bration aura lieu le 17 janvier, \u00e0 12 pm \u00e0 l\u2019\u00c9glise Notre-Dame-de-L\u2019Esp\u00e9rance, 891 ch. De la Fourche, Ste. Doroth\u00e9e, Laval H7Y1S9. La famille sera sur place \u00e0 partir de 11h00 pour recevoir vos condol\u00e9ances.<\/strong><\/p><p data-olk-copy-source=\"MessageBody\">\u00a0<\/p><p data-olk-copy-source=\"MessageBody\">Heaven Has Gained an Angel<\/p><p>It is with profound sadness that we announce the peaceful passing of our beloved mother, Marie-Th\u00e9r\u00e8se Haddad (Saad), on January 13, 2026.<\/p><p>Marie-Th\u00e9r\u00e8se was a devoted wife, married to George Saad for 67 years, a loving mother (Fred, Claire, Eddy), grandmother (Genevi\u00e8ve, Julien, Skye, Veronique, Mika\u00ebl, Anthony, Olivia, Simon), and great-grandmother (B\u00e9atrice, \u00c9lo\u00efse, Lionel, L\u00e9na), and the heart of our family. She was an extraordinarily generous and compassionate woman who consistently placed the needs of others before her own. Though quiet and discreet by nature, her kindness and warmth touched countless lives in ways both large and small.<\/p><p>Throughout our childhood, she was the steady rock upon which our family was built\u2014offering unwavering love, strength, and guidance. By her example, she taught us and our children the enduring values of devotion, humility, and the importance of always putting family first.<\/p><p>She will be deeply missed by all who were fortunate enough to know her. After several years of courageously facing health challenges, she is now at peace, resting gently and free from suffering.<\/p><p>Her love remains forever in our hearts.<\/p><p><strong>The funeral will be at 12 pm on Saturday January 17th at \u00c9glise Notre-Dame-de-L\u2019Esp\u00e9rance, 891 ch. De la Fourche, Ste. Doroth\u00e9e, Laval H7Y1S9. The family will be there at 11 AM to receive your condolences.<\/strong><\/p><p>\u00a0<\/p><div dir=\"auto\">Salon Fun\u00e9raire LFC Rive-Nord<\/div><div dir=\"auto\">Laval\u00a0<\/div><div dir=\"auto\">Propri\u00e9taire: Patrick Lajeunesse<\/div><div dir=\"auto\">450-665-9770 \/ 514-770-9770<\/div>\t\t\t\t\t\t\t\t<\/div>\n\t\t\t\t<\/div>\n\t\t\t\t<div class=\"elementor-element elementor-element-58293a3 elementor-widget elementor-widget-text-editor\" data-id=\"58293a3\" data-element_type=\"widget\" data-widget_type=\"text-editor.default\">\n\t\t\t\t<div class=\"elementor-widget-container\">\n\t\t\t\t\t\t\t\t\t<p>Partager<\/p>\t\t\t\t\t\t\t\t<\/div>\n\t\t\t\t<\/div>\n\t\t\t\t<div class=\"elementor-element elementor-element-2a4cb02 elementor-share-buttons--align-left elementor-share-buttons--view-icon-text elementor-share-buttons--skin-gradient elementor-share-buttons--shape-square elementor-grid-0 elementor-share-buttons--color-official elementor-widget elementor-widget-share-buttons\" data-id=\"2a4cb02\" data-element_type=\"widget\" data-widget_type=\"share-buttons.default\">\n\t\t\t\t<div class=\"elementor-widget-container\">\n\t\t\t\t\t\t\t<div class=\"elementor-grid\">\n\t\t\t\t\t\t\t\t<div class=\"elementor-grid-item\">\n\t\t\t\t\t\t<div\n\t\t\t\t\t\t\tclass=\"elementor-share-btn elementor-share-btn_facebook\"\n\t\t\t\t\t\t\trole=\"button\"\n\t\t\t\t\t\t\ttabindex=\"0\"\n\t\t\t\t\t\t\taria-label=\"Share on facebook\"\n\t\t\t\t\t\t>\n\t\t\t\t\t\t\t\t\t\t\t\t\t\t\t<span class=\"elementor-share-btn__icon\">\n\t\t\t\t\t\t\t\t<i class=\"fab fa-facebook\" aria-hidden=\"true\"><\/i>\t\t\t\t\t\t\t<\/span>\n\t\t\t\t\t\t\t\t\t\t\t\t\t\t\t\t\t\t\t\t\t\t<div class=\"elementor-share-btn__text\">\n\t\t\t\t\t\t\t\t\t\t\t\t\t\t\t\t\t\t\t<span class=\"elementor-share-btn__title\">\n\t\t\t\t\t\t\t\t\t\tFacebook\t\t\t\t\t\t\t\t\t<\/span>\n\t\t\t\t\t\t\t\t\t\t\t\t\t\t\t\t\t<\/div>\n\t\t\t\t\t\t\t\t\t\t\t\t\t<\/div>\n\t\t\t\t\t<\/div>\n\t\t\t\t\t\t<\/div>\n\t\t\t\t\t\t<\/div>\n\t\t\t\t<\/div>\n\t\t\t\t\t<\/div>\n\t\t<\/div>\n\t\t\t\t\t<\/div>\n\t\t<\/section>\n\t\t\t\t<section class=\"elementor-section elementor-top-section elementor-element elementor-element-55d93f8 elementor-section-boxed elementor-section-height-default elementor-section-height-default\" data-id=\"55d93f8\" data-element_type=\"section\" data-settings=\"{&quot;background_background&quot;:&quot;classic&quot;}\">\n\t\t\t\t\t\t<div class=\"elementor-container elementor-column-gap-default\">\n\t\t\t\t\t<div class=\"elementor-column elementor-col-100 elementor-top-column elementor-element elementor-element-fdd1c24\" data-id=\"fdd1c24\" data-element_type=\"column\">\n\t\t\t<div class=\"elementor-widget-wrap elementor-element-populated\">\n\t\t\t\t\t\t<div class=\"elementor-element elementor-element-a577f41 elementor-widget elementor-widget-heading\" data-id=\"a577f41\" data-element_type=\"widget\" data-widget_type=\"heading.default\">\n\t\t\t\t<div class=\"elementor-widget-container\">\n\t\t\t\t\t<h2 class=\"elementor-heading-title elementor-size-default\">Envoyez un message de condol\u00e9ances \u00e0 la famille<\/h2>\t\t\t\t<\/div>\n\t\t\t\t<\/div>\n\t\t\t\t<div class=\"elementor-element elementor-element-835695b elementor-button-align-end elementor-widget elementor-widget-form\" data-id=\"835695b\" data-element_type=\"widget\" data-settings=\"{&quot;step_next_label&quot;:&quot;Suivant&quot;,&quot;step_previous_label&quot;:&quot;Pr\\u00e9c\\u00e9dent&quot;,&quot;button_width&quot;:&quot;100&quot;,&quot;step_type&quot;:&quot;number_text&quot;,&quot;step_icon_shape&quot;:&quot;circle&quot;}\" data-widget_type=\"form.default\">\n\t\t\t\t<div class=\"elementor-widget-container\">\n\t\t\t\t\t\t\t<form class=\"elementor-form\" method=\"post\" name=\"Nouveau formulaire\">\n\t\t\t<input type=\"hidden\" name=\"post_id\" value=\"11002\"\/>\n\t\t\t<input type=\"hidden\" name=\"form_id\" value=\"835695b\"\/>\n\t\t\t<input type=\"hidden\" name=\"referer_title\" value=\"\" \/>\n\n\t\t\t\n\t\t\t<div class=\"elementor-form-fields-wrapper elementor-labels-above\">\n\t\t\t\t\t\t\t\t<div class=\"elementor-field-type-text elementor-field-group elementor-column elementor-field-group-name elementor-col-50\">\n\t\t\t\t\t\t\t\t\t\t\t\t<label for=\"form-field-name\" class=\"elementor-field-label\">\n\t\t\t\t\t\t\t\tNom\t\t\t\t\t\t\t<\/label>\n\t\t\t\t\t\t\t\t\t\t\t\t\t\t<input size=\"1\" type=\"text\" name=\"form_fields[name]\" id=\"form-field-name\" class=\"elementor-field elementor-size-sm  elementor-field-textual\" placeholder=\"inscrire votre nom complet\">\n\t\t\t\t\t\t\t\t\t\t\t<\/div>\n\t\t\t\t\t\t\t\t<div class=\"elementor-field-type-email elementor-field-group elementor-column elementor-field-group-email elementor-col-50 elementor-field-required\">\n\t\t\t\t\t\t\t\t\t\t\t\t<label for=\"form-field-email\" class=\"elementor-field-label\">\n\t\t\t\t\t\t\t\tCourriel\t\t\t\t\t\t\t<\/label>\n\t\t\t\t\t\t\t\t\t\t\t\t\t\t<input size=\"1\" type=\"email\" name=\"form_fields[email]\" id=\"form-field-email\" class=\"elementor-field elementor-size-sm  elementor-field-textual\" placeholder=\"inscrire votre courriel\" required=\"required\" aria-required=\"true\">\n\t\t\t\t\t\t\t\t\t\t\t<\/div>\n\t\t\t\t\t\t\t\t<div class=\"elementor-field-type-textarea elementor-field-group elementor-column elementor-field-group-message elementor-col-100\">\n\t\t\t\t\t\t\t\t\t\t\t\t<label for=\"form-field-message\" class=\"elementor-field-label\">\n\t\t\t\t\t\t\t\tMessage\t\t\t\t\t\t\t<\/label>\n\t\t\t\t\t\t<textarea class=\"elementor-field-textual elementor-field  elementor-size-sm\" name=\"form_fields[message]\" id=\"form-field-message\" rows=\"4\" placeholder=\"\u00e9crire votre message\"><\/textarea>\t\t\t\t<\/div>\n\t\t\t\t\t\t\t\t<div class=\"elementor-field-type-email elementor-field-group elementor-column elementor-field-group-courrieldelapersonne elementor-col-60 elementor-field-required\">\n\t\t\t\t\t\t\t\t\t\t\t\t<label for=\"form-field-courrieldelapersonne\" class=\"elementor-field-label\">\n\t\t\t\t\t\t\t\tVotre courriel sera envoy\u00e9 \u00e0 l'adresse suivante\t\t\t\t\t\t\t<\/label>\n\t\t\t\t\t\t\t\t\t\t\t\t\t\t<input size=\"1\" type=\"email\" name=\"form_fields[courrieldelapersonne]\" id=\"form-field-courrieldelapersonne\" class=\"elementor-field elementor-size-sm  elementor-field-textual\" value=\"ClaireS@peerless-clothing.com\" required=\"required\" aria-required=\"true\">\n\t\t\t\t\t\t\t\t\t\t\t<\/div>\n\t\t\t\t\t\t\t\t<div class=\"elementor-field-group elementor-column elementor-field-type-submit elementor-col-100 e-form__buttons\">\n\t\t\t\t\t<button class=\"elementor-button elementor-size-md elementor-animation-shrink\" type=\"submit\">\n\t\t\t\t\t\t<span class=\"elementor-button-content-wrapper\">\n\t\t\t\t\t\t\t\t\t\t\t\t\t\t\t\t\t\t\t\t\t\t<span class=\"elementor-button-text\">Envoyer<\/span>\n\t\t\t\t\t\t\t\t\t\t\t\t\t<\/span>\n\t\t\t\t\t<\/button>\n\t\t\t\t<\/div>\n\t\t\t<\/div>\n\t\t<\/form>\n\t\t\t\t\t\t<\/div>\n\t\t\t\t<\/div>\n\t\t\t\t\t<\/div>\n\t\t<\/div>\n\t\t\t\t\t<\/div>\n\t\t<\/section>\n\t\t\t\t<\/div>\n\t\t","protected":false},"excerpt":{"rendered":"<p>Le Ciel a accueilli un ange C\u2019est avec une profonde tristesse que nous annon\u00e7ons le d\u00e9c\u00e8s paisible de notre ch\u00e8re m\u00e8re, Marie-Th\u00e9r\u00e8se Haddad (Saad), survenu le 13 janvier 2026. Marie-Th\u00e9r\u00e8se \u00e9tait une \u00e9pouse d\u00e9vou\u00e9e, mari\u00e9e \u00e0 George Saad pendant 67 ans, une m\u00e8re aimante (Fred, Claire, Eddy), une grand-m\u00e8re (Genevi\u00e8ve, Julien, Skye, V\u00e9ronique, Mika\u00ebl, Anthony, [&hellip;]<\/p>\n","protected":false},"author":3,"featured_media":11003,"comment_status":"open","ping_status":"open","sticky":false,"template":"elementor_header_footer","format":"standard","meta":{"_acf_changed":false,"footnotes":""},"categories":[1],"tags":[],"class_list":["post-11002","post","type-post","status-publish","format-standard","has-post-thumbnail","hentry","category-uncategorized"],"acf":[],"_links":{"self":[{"href":"https:\/\/salonlfcrivenord.com\/en\/wp-json\/wp\/v2\/posts\/11002","targetHints":{"allow":["GET"]}}],"collection":[{"href":"https:\/\/salonlfcrivenord.com\/en\/wp-json\/wp\/v2\/posts"}],"about":[{"href":"https:\/\/salonlfcrivenord.com\/en\/wp-json\/wp\/v2\/types\/post"}],"author":[{"embeddable":true,"href":"https:\/\/salonlfcrivenord.com\/en\/wp-json\/wp\/v2\/users\/3"}],"replies":[{"embeddable":true,"href":"https:\/\/salonlfcrivenord.com\/en\/wp-json\/wp\/v2\/comments?post=11002"}],"version-history":[{"count":13,"href":"https:\/\/salonlfcrivenord.com\/en\/wp-json\/wp\/v2\/posts\/11002\/revisions"}],"predecessor-version":[{"id":11041,"href":"https:\/\/salonlfcrivenord.com\/en\/wp-json\/wp\/v2\/posts\/11002\/revisions\/11041"}],"wp:featuredmedia":[{"embeddable":true,"href":"https:\/\/salonlfcrivenord.com\/en\/wp-json\/wp\/v2\/media\/11003"}],"wp:attachment":[{"href":"https:\/\/salonlfcrivenord.com\/en\/wp-json\/wp\/v2\/media?parent=11002"}],"wp:term":[{"taxonomy":"category","embeddable":true,"href":"https:\/\/salonlfcrivenord.com\/en\/wp-json\/wp\/v2\/categories?post=11002"},{"taxonomy":"post_tag","embeddable":true,"href":"https:\/\/salonlfcrivenord.com\/en\/wp-json\/wp\/v2\/tags?post=11002"}],"curies":[{"name":"wp","href":"https:\/\/api.w.org\/{rel}","templated":true}]}}