{"id":10454,"date":"2025-10-03T12:30:06","date_gmt":"2025-10-03T16:30:06","guid":{"rendered":"https:\/\/salonlfcrivenord.com\/?p=10454"},"modified":"2025-10-03T12:30:09","modified_gmt":"2025-10-03T16:30:09","slug":"gisele-brunelle-nee-julien","status":"publish","type":"post","link":"https:\/\/salonlfcrivenord.com\/en\/2025\/10\/03\/gisele-brunelle-nee-julien\/","title":{"rendered":"Gis\u00e8le Brunelle (n\u00e9e Julien)"},"content":{"rendered":"\t\t<div data-elementor-type=\"wp-post\" data-elementor-id=\"10454\" class=\"elementor elementor-10454\" data-elementor-post-type=\"post\">\n\t\t\t\t\t\t<section class=\"elementor-section elementor-top-section elementor-element elementor-element-54bac81 elementor-section-boxed elementor-section-height-default elementor-section-height-default\" data-id=\"54bac81\" data-element_type=\"section\">\n\t\t\t\t\t\t<div class=\"elementor-container elementor-column-gap-default\">\n\t\t\t\t\t<div class=\"elementor-column elementor-col-50 elementor-top-column elementor-element elementor-element-a5c8c2a\" data-id=\"a5c8c2a\" data-element_type=\"column\">\n\t\t\t<div class=\"elementor-widget-wrap elementor-element-populated\">\n\t\t\t\t\t\t<div class=\"elementor-element elementor-element-8339479 elementor-widget elementor-widget-theme-post-featured-image elementor-widget-image\" data-id=\"8339479\" data-element_type=\"widget\" data-widget_type=\"theme-post-featured-image.default\">\n\t\t\t\t<div class=\"elementor-widget-container\">\n\t\t\t\t\t\t\t\t\t\t\t\t\t\t\t<img fetchpriority=\"high\" decoding=\"async\" width=\"596\" height=\"1024\" src=\"https:\/\/salonlfcrivenord.com\/wp-content\/uploads\/2025\/10\/Gisele-Julien-e1759508443260-596x1024.jpg\" class=\"attachment-large size-large wp-image-10455\" alt=\"\" srcset=\"https:\/\/salonlfcrivenord.com\/wp-content\/uploads\/2025\/10\/Gisele-Julien-e1759508443260-596x1024.jpg 596w, https:\/\/salonlfcrivenord.com\/wp-content\/uploads\/2025\/10\/Gisele-Julien-e1759508443260-175x300.jpg 175w, https:\/\/salonlfcrivenord.com\/wp-content\/uploads\/2025\/10\/Gisele-Julien-e1759508443260-768x1319.jpg 768w, https:\/\/salonlfcrivenord.com\/wp-content\/uploads\/2025\/10\/Gisele-Julien-e1759508443260-894x1536.jpg 894w, https:\/\/salonlfcrivenord.com\/wp-content\/uploads\/2025\/10\/Gisele-Julien-e1759508443260-1192x2048.jpg 1192w, https:\/\/salonlfcrivenord.com\/wp-content\/uploads\/2025\/10\/Gisele-Julien-e1759508443260-7x12.jpg 7w, https:\/\/salonlfcrivenord.com\/wp-content\/uploads\/2025\/10\/Gisele-Julien-e1759508443260-600x1031.jpg 600w, https:\/\/salonlfcrivenord.com\/wp-content\/uploads\/2025\/10\/Gisele-Julien-e1759508443260.jpg 1215w\" sizes=\"(max-width: 596px) 100vw, 596px\" \/>\t\t\t\t\t\t\t\t\t\t\t\t\t\t\t<\/div>\n\t\t\t\t<\/div>\n\t\t\t\t\t<\/div>\n\t\t<\/div>\n\t\t\t\t<div class=\"elementor-column elementor-col-50 elementor-top-column elementor-element elementor-element-587d4f4\" data-id=\"587d4f4\" data-element_type=\"column\">\n\t\t\t<div class=\"elementor-widget-wrap elementor-element-populated\">\n\t\t\t\t\t\t<div class=\"elementor-element elementor-element-25b8023 elementor-widget elementor-widget-theme-post-title elementor-page-title elementor-widget-heading\" data-id=\"25b8023\" data-element_type=\"widget\" data-widget_type=\"theme-post-title.default\">\n\t\t\t\t<div class=\"elementor-widget-container\">\n\t\t\t\t\t<h1 class=\"elementor-heading-title elementor-size-default\">Gis\u00e8le Brunelle (n\u00e9e Julien)<\/h1>\t\t\t\t<\/div>\n\t\t\t\t<\/div>\n\t\t\t\t<div class=\"elementor-element elementor-element-94cf914 elementor-widget elementor-widget-heading\" data-id=\"94cf914\" data-element_type=\"widget\" data-widget_type=\"heading.default\">\n\t\t\t\t<div class=\"elementor-widget-container\">\n\t\t\t\t\t<h2 class=\"elementor-heading-title elementor-size-default\">Ann\u00e9e de naissance: 1930<\/h2>\t\t\t\t<\/div>\n\t\t\t\t<\/div>\n\t\t\t\t<div class=\"elementor-element elementor-element-46c8730 elementor-widget elementor-widget-heading\" data-id=\"46c8730\" data-element_type=\"widget\" data-widget_type=\"heading.default\">\n\t\t\t\t<div class=\"elementor-widget-container\">\n\t\t\t\t\t<h2 class=\"elementor-heading-title elementor-size-default\">Date de d\u00e9c\u00e8s: 25 septembre 2025<\/h2>\t\t\t\t<\/div>\n\t\t\t\t<\/div>\n\t\t\t\t<div class=\"elementor-element elementor-element-a70cdee elementor-widget elementor-widget-heading\" data-id=\"a70cdee\" data-element_type=\"widget\" data-widget_type=\"heading.default\">\n\t\t\t\t<div class=\"elementor-widget-container\">\n\t\t\t\t\t<h2 class=\"elementor-heading-title elementor-size-default\">Date des fun\u00e9railles: 11 octobre 2025<\/h2>\t\t\t\t<\/div>\n\t\t\t\t<\/div>\n\t\t\t\t<div class=\"elementor-element elementor-element-840a7a4 elementor-widget__width-initial elementor-widget elementor-widget-text-editor\" data-id=\"840a7a4\" data-element_type=\"widget\" data-widget_type=\"text-editor.default\">\n\t\t\t\t<div class=\"elementor-widget-container\">\n\t\t\t\t\t\t\t\t\t<div dir=\"auto\"><div dir=\"auto\"><div><div class=\"x_elementToProof\"><p>C&rsquo;est avec beaucoup d&rsquo;\u00e9motions que nous vous annon\u00e7ons le d\u00e9c\u00e8s de <strong>Madame Gis\u00e8le Julien Brunelle<\/strong>, survenu le 25 septembre 2025, \u00e0 l&rsquo;\u00e2ge de 95 ans.<\/p><p>Elle laisse dans le deuil ses enfants :<\/p><ul><li><strong>Pierre<\/strong> (Lise)<\/li><li><strong>Louis<\/strong><\/li><li><strong>Sylvie<\/strong> (Luc)<\/li><li>Ses douze (12) petits-enfants, ses dix-huit (18) arri\u00e8re-petits-enfants.<\/li><li>Son fr\u00e8re, <strong>Ga\u00ebtan<\/strong>, ainsi que plusieurs autres parents et amis.<\/li><\/ul><p>Elle laisse derri\u00e8re elle le souvenir d&rsquo;une femme aimante et chaleureuse qui aidait tous et chacun. Elle avait ce don unique de mettre les gens \u00e0 l&rsquo;aise tr\u00e8s rapidement. Sa famille \u00e9tait au c\u0153ur de sa vie et repr\u00e9sentait une grande fiert\u00e9. Coquette et \u00e9l\u00e9gante, elle appr\u00e9ciait les belles choses. Elle restera \u00e0 jamais grav\u00e9e dans nos c\u0153urs.<\/p><p><strong>La famille recevra les condol\u00e9ances<\/strong> le <strong>samedi 11 octobre<\/strong> de 13 h \u00e0 15 h 45.<\/p><p>\u00c0 13 h 30, une <strong>Liturgie de la Parole<\/strong> d&rsquo;une dur\u00e9e de 30 minutes aura lieu.<\/p><p>L&rsquo;\u00e9v\u00e9nement se d\u00e9roulera \u00e0 la <strong>Salle de r\u00e9ception Dufort<\/strong>, dans la <strong>salle Vieux-Saint-Paul<\/strong>, au 416, rue du Village, Repentigny. Un stationnement est disponible \u00e0 l&rsquo;arri\u00e8re et \u00e0 l&rsquo;\u00e9glise qui est tout pr\u00e8s.<\/p><p>\u00c0 15 h 45, nous quitterons pour aller d\u00e9poser les cendres au <strong>cimeti\u00e8re Saint-Joseph<\/strong> \u00e0 Rivi\u00e8re-des-Prairies.<\/p><p>La famille tient \u00e0 remercier de tout c\u0153ur l&rsquo;\u00e9quipe du <strong>CHSLD de l&rsquo;Assomption<\/strong> pour les excellents soins prodigu\u00e9s \u00e0 Gis\u00e8le pendant plus de trois ans.<\/p><\/div><div>\u00a0<\/div><\/div><\/div><\/div><div dir=\"auto\">Salon Fun\u00e9raire LFC Rive-Nord, Laval<\/div><div dir=\"auto\">Propri\u00e9taire: Patrick Lajeunesse<\/div><div dir=\"auto\">450-665-9770 \/ 514-770-9770<\/div>\t\t\t\t\t\t\t\t<\/div>\n\t\t\t\t<\/div>\n\t\t\t\t<div class=\"elementor-element elementor-element-58293a3 elementor-widget elementor-widget-text-editor\" data-id=\"58293a3\" data-element_type=\"widget\" data-widget_type=\"text-editor.default\">\n\t\t\t\t<div class=\"elementor-widget-container\">\n\t\t\t\t\t\t\t\t\t<p>Partager<\/p>\t\t\t\t\t\t\t\t<\/div>\n\t\t\t\t<\/div>\n\t\t\t\t<div class=\"elementor-element elementor-element-2a4cb02 elementor-share-buttons--align-left elementor-share-buttons--view-icon-text elementor-share-buttons--skin-gradient elementor-share-buttons--shape-square elementor-grid-0 elementor-share-buttons--color-official elementor-widget elementor-widget-share-buttons\" data-id=\"2a4cb02\" data-element_type=\"widget\" data-widget_type=\"share-buttons.default\">\n\t\t\t\t<div class=\"elementor-widget-container\">\n\t\t\t\t\t\t\t<div class=\"elementor-grid\">\n\t\t\t\t\t\t\t\t<div class=\"elementor-grid-item\">\n\t\t\t\t\t\t<div\n\t\t\t\t\t\t\tclass=\"elementor-share-btn elementor-share-btn_facebook\"\n\t\t\t\t\t\t\trole=\"button\"\n\t\t\t\t\t\t\ttabindex=\"0\"\n\t\t\t\t\t\t\taria-label=\"Partager sur facebook\"\n\t\t\t\t\t\t>\n\t\t\t\t\t\t\t\t\t\t\t\t\t\t\t<span class=\"elementor-share-btn__icon\">\n\t\t\t\t\t\t\t\t<i class=\"fab fa-facebook\" aria-hidden=\"true\"><\/i>\t\t\t\t\t\t\t<\/span>\n\t\t\t\t\t\t\t\t\t\t\t\t\t\t\t\t\t\t\t\t\t\t<div class=\"elementor-share-btn__text\">\n\t\t\t\t\t\t\t\t\t\t\t\t\t\t\t\t\t\t\t<span class=\"elementor-share-btn__title\">\n\t\t\t\t\t\t\t\t\t\tFacebook\t\t\t\t\t\t\t\t\t<\/span>\n\t\t\t\t\t\t\t\t\t\t\t\t\t\t\t\t\t<\/div>\n\t\t\t\t\t\t\t\t\t\t\t\t\t<\/div>\n\t\t\t\t\t<\/div>\n\t\t\t\t\t\t<\/div>\n\t\t\t\t\t\t<\/div>\n\t\t\t\t<\/div>\n\t\t\t\t\t<\/div>\n\t\t<\/div>\n\t\t\t\t\t<\/div>\n\t\t<\/section>\n\t\t\t\t<section class=\"elementor-section elementor-top-section elementor-element elementor-element-55d93f8 elementor-section-boxed elementor-section-height-default elementor-section-height-default\" data-id=\"55d93f8\" data-element_type=\"section\" data-settings=\"{&quot;background_background&quot;:&quot;classic&quot;}\">\n\t\t\t\t\t\t<div class=\"elementor-container elementor-column-gap-default\">\n\t\t\t\t\t<div class=\"elementor-column elementor-col-100 elementor-top-column elementor-element elementor-element-fdd1c24\" data-id=\"fdd1c24\" data-element_type=\"column\">\n\t\t\t<div class=\"elementor-widget-wrap elementor-element-populated\">\n\t\t\t\t\t\t<div class=\"elementor-element elementor-element-a577f41 elementor-widget elementor-widget-heading\" data-id=\"a577f41\" data-element_type=\"widget\" data-widget_type=\"heading.default\">\n\t\t\t\t<div class=\"elementor-widget-container\">\n\t\t\t\t\t<h2 class=\"elementor-heading-title elementor-size-default\">Envoyez un message de condol\u00e9ances \u00e0 la famille<\/h2>\t\t\t\t<\/div>\n\t\t\t\t<\/div>\n\t\t\t\t<div class=\"elementor-element elementor-element-835695b elementor-button-align-end elementor-widget elementor-widget-form\" data-id=\"835695b\" data-element_type=\"widget\" data-settings=\"{&quot;step_next_label&quot;:&quot;Suivant&quot;,&quot;step_previous_label&quot;:&quot;Pr\\u00e9c\\u00e9dent&quot;,&quot;button_width&quot;:&quot;100&quot;,&quot;step_type&quot;:&quot;number_text&quot;,&quot;step_icon_shape&quot;:&quot;circle&quot;}\" data-widget_type=\"form.default\">\n\t\t\t\t<div class=\"elementor-widget-container\">\n\t\t\t\t\t\t\t<form class=\"elementor-form\" method=\"post\" name=\"Nouveau formulaire\">\n\t\t\t<input type=\"hidden\" name=\"post_id\" value=\"10454\"\/>\n\t\t\t<input type=\"hidden\" name=\"form_id\" value=\"835695b\"\/>\n\t\t\t<input type=\"hidden\" name=\"referer_title\" value=\"\" \/>\n\n\t\t\t\n\t\t\t<div class=\"elementor-form-fields-wrapper elementor-labels-above\">\n\t\t\t\t\t\t\t\t<div class=\"elementor-field-type-text elementor-field-group elementor-column elementor-field-group-name elementor-col-50\">\n\t\t\t\t\t\t\t\t\t\t\t\t<label for=\"form-field-name\" class=\"elementor-field-label\">\n\t\t\t\t\t\t\t\tNom\t\t\t\t\t\t\t<\/label>\n\t\t\t\t\t\t\t\t\t\t\t\t\t\t<input size=\"1\" type=\"text\" name=\"form_fields[name]\" id=\"form-field-name\" class=\"elementor-field elementor-size-sm  elementor-field-textual\" placeholder=\"inscrire votre nom complet\">\n\t\t\t\t\t\t\t\t\t\t\t<\/div>\n\t\t\t\t\t\t\t\t<div class=\"elementor-field-type-email elementor-field-group elementor-column elementor-field-group-email elementor-col-50 elementor-field-required\">\n\t\t\t\t\t\t\t\t\t\t\t\t<label for=\"form-field-email\" class=\"elementor-field-label\">\n\t\t\t\t\t\t\t\tCourriel\t\t\t\t\t\t\t<\/label>\n\t\t\t\t\t\t\t\t\t\t\t\t\t\t<input size=\"1\" type=\"email\" name=\"form_fields[email]\" id=\"form-field-email\" class=\"elementor-field elementor-size-sm  elementor-field-textual\" placeholder=\"inscrire votre courriel\" required=\"required\" aria-required=\"true\">\n\t\t\t\t\t\t\t\t\t\t\t<\/div>\n\t\t\t\t\t\t\t\t<div class=\"elementor-field-type-textarea elementor-field-group elementor-column elementor-field-group-message elementor-col-100\">\n\t\t\t\t\t\t\t\t\t\t\t\t<label for=\"form-field-message\" class=\"elementor-field-label\">\n\t\t\t\t\t\t\t\tMessage\t\t\t\t\t\t\t<\/label>\n\t\t\t\t\t\t<textarea class=\"elementor-field-textual elementor-field  elementor-size-sm\" name=\"form_fields[message]\" id=\"form-field-message\" rows=\"4\" placeholder=\"\u00e9crire votre message\"><\/textarea>\t\t\t\t<\/div>\n\t\t\t\t\t\t\t\t<div class=\"elementor-field-type-email elementor-field-group elementor-column elementor-field-group-courrieldelapersonne elementor-col-60 elementor-field-required\">\n\t\t\t\t\t\t\t\t\t\t\t\t<label for=\"form-field-courrieldelapersonne\" class=\"elementor-field-label\">\n\t\t\t\t\t\t\t\tVotre courriel sera envoy\u00e9 \u00e0 l'adresse suivante\t\t\t\t\t\t\t<\/label>\n\t\t\t\t\t\t\t\t\t\t\t\t\t\t<input size=\"1\" type=\"email\" name=\"form_fields[courrieldelapersonne]\" id=\"form-field-courrieldelapersonne\" class=\"elementor-field elementor-size-sm  elementor-field-textual\" value=\"sbrunel450@gmail.com\" required=\"required\" aria-required=\"true\">\n\t\t\t\t\t\t\t\t\t\t\t<\/div>\n\t\t\t\t\t\t\t\t<div class=\"elementor-field-group elementor-column elementor-field-type-submit elementor-col-100 e-form__buttons\">\n\t\t\t\t\t<button class=\"elementor-button elementor-size-md elementor-animation-shrink\" type=\"submit\">\n\t\t\t\t\t\t<span class=\"elementor-button-content-wrapper\">\n\t\t\t\t\t\t\t\t\t\t\t\t\t\t\t\t\t\t\t\t\t\t<span class=\"elementor-button-text\">Envoyer<\/span>\n\t\t\t\t\t\t\t\t\t\t\t\t\t<\/span>\n\t\t\t\t\t<\/button>\n\t\t\t\t<\/div>\n\t\t\t<\/div>\n\t\t<\/form>\n\t\t\t\t\t\t<\/div>\n\t\t\t\t<\/div>\n\t\t\t\t\t<\/div>\n\t\t<\/div>\n\t\t\t\t\t<\/div>\n\t\t<\/section>\n\t\t\t\t<\/div>\n\t\t","protected":false},"excerpt":{"rendered":"<p>C&rsquo;est avec beaucoup d&rsquo;\u00e9motions que nous vous annon\u00e7ons le d\u00e9c\u00e8s de Madame Gis\u00e8le Julien Brunelle, survenu le 25 septembre 2025, \u00e0 l&rsquo;\u00e2ge de 95 ans. Elle laisse dans le deuil ses enfants : Pierre (Lise) Louis Sylvie (Luc) Ses douze (12) petits-enfants, ses dix-huit (18) arri\u00e8re-petits-enfants. Son fr\u00e8re, Ga\u00ebtan, ainsi que plusieurs autres parents et [&hellip;]<\/p>\n","protected":false},"author":3,"featured_media":10455,"comment_status":"open","ping_status":"open","sticky":false,"template":"elementor_header_footer","format":"standard","meta":{"_acf_changed":false,"footnotes":""},"categories":[1],"tags":[],"class_list":["post-10454","post","type-post","status-publish","format-standard","has-post-thumbnail","hentry","category-uncategorized"],"acf":[],"_links":{"self":[{"href":"https:\/\/salonlfcrivenord.com\/en\/wp-json\/wp\/v2\/posts\/10454","targetHints":{"allow":["GET"]}}],"collection":[{"href":"https:\/\/salonlfcrivenord.com\/en\/wp-json\/wp\/v2\/posts"}],"about":[{"href":"https:\/\/salonlfcrivenord.com\/en\/wp-json\/wp\/v2\/types\/post"}],"author":[{"embeddable":true,"href":"https:\/\/salonlfcrivenord.com\/en\/wp-json\/wp\/v2\/users\/3"}],"replies":[{"embeddable":true,"href":"https:\/\/salonlfcrivenord.com\/en\/wp-json\/wp\/v2\/comments?post=10454"}],"version-history":[{"count":3,"href":"https:\/\/salonlfcrivenord.com\/en\/wp-json\/wp\/v2\/posts\/10454\/revisions"}],"predecessor-version":[{"id":10458,"href":"https:\/\/salonlfcrivenord.com\/en\/wp-json\/wp\/v2\/posts\/10454\/revisions\/10458"}],"wp:featuredmedia":[{"embeddable":true,"href":"https:\/\/salonlfcrivenord.com\/en\/wp-json\/wp\/v2\/media\/10455"}],"wp:attachment":[{"href":"https:\/\/salonlfcrivenord.com\/en\/wp-json\/wp\/v2\/media?parent=10454"}],"wp:term":[{"taxonomy":"category","embeddable":true,"href":"https:\/\/salonlfcrivenord.com\/en\/wp-json\/wp\/v2\/categories?post=10454"},{"taxonomy":"post_tag","embeddable":true,"href":"https:\/\/salonlfcrivenord.com\/en\/wp-json\/wp\/v2\/tags?post=10454"}],"curies":[{"name":"wp","href":"https:\/\/api.w.org\/{rel}","templated":true}]}}